{"id":145,"date":"2026-08-04T17:37:06","date_gmt":"2026-08-04T16:37:06","guid":{"rendered":"https:\/\/nublo.tv\/?p=145"},"modified":"2026-08-04T17:37:06","modified_gmt":"2026-08-04T16:37:06","slug":"los-caballitos-de-fuego-vuelven-a-danzar-en-galdar","status":"publish","type":"post","link":"https:\/\/nublo.tv\/index.php\/2026\/08\/04\/los-caballitos-de-fuego-vuelven-a-danzar-en-galdar\/","title":{"rendered":"Los Caballitos de Fuego vuelven a danzar en G\u00e1ldar"},"content":{"rendered":"<p>El tradicional pasacalle ha recorrido el casco hist\u00f3rico a la luz de los farolillos \u2013 El Volc\u00e1n Anunciador ha regresado a la cima de la Monta\u00f1a de G\u00e1ldar para anunciar los d\u00edas grandes de las Fiestas Mayores de Santiago 2026<\/p>\n<p>La ciudad de G\u00e1ldar ha vuelto a revivir una de las citas m\u00e1s esperadas del programa de Fiestas Mayores de Santiago que organiza la concejal\u00eda de Cultura y Fiestas que dirige Julio Mateo Castillo. Se trata de la Danza y Zambra de los gigantes y Caballitos de Fuego de las Fiestas Mayores de Santiago de G\u00e1ldar, una tradici\u00f3n que se remonta al siglo XIX y que G\u00e1ldar recuper\u00f3 en el a\u00f1o 2015.<\/p>\n<p>Cientos de personas salieron a la calle como manda la tradici\u00f3n, completamente vestidos de blanco y portando sus caballitos, elaborados de manera artesanal y siguiendo las directrices de la \u00e9poca, un armaz\u00f3n de cart\u00f3n de color blanco a imagen y semejanza del caballo de Santiago y adornado con multitud de papelillos de colores a modo de las crestas del animal. Todos ellos preparados para una noche m\u00e1gica llena de diversi\u00f3n. Los asistentes iban guiados adem\u00e1s por los t\u00edpicos farolillos confeccionados tambi\u00e9n de forma artesana.<\/p>\n<p>Desde que hace once a\u00f1os se recuper\u00f3 esta fiesta en G\u00e1ldar, una de las m\u00e1s antiguas que se conservan en el archipi\u00e9lago, los vecinos la han incorporado como propia, convirti\u00e9ndola no s\u00f3lo en una de las m\u00e1s multitudinarias del municipio, sino tambi\u00e9n una de las m\u00e1s participativas, ya que en cada casa las familias se re\u00fanen para elaborar cada a\u00f1o sus caballitos y poder salir a compartir un momento de emoci\u00f3n y fiesta.<\/p>\n<p>Este a\u00f1o, adem\u00e1s, el Ayuntamiento ha organizado una serie de talleres para aprender a elaborar los caballitos durante cuatro jornadas con \u00e9xito de participaci\u00f3n, demostrando que esta fiesta sigue consolid\u00e1ndose y permanece m\u00e1s viva que nunca.<\/p>\n<p>Mayores y peque\u00f1os, familias enteras part\u00edan desde la Plaza de San Sebasti\u00e1n en direcci\u00f3n a la calle Capit\u00e1n Quesada para luego rodear la plaza de Santiago y situarse ante el frontis del Templo Santuario de G\u00e1ldar. Una alegre y colorida comitiva aplaudida por numerosos curiosos y visitantes y acompa\u00f1ada por los papag\u00fcevos y por las bandas Guiniguada, Guayedra, Agaete y Archipi\u00e9lago.<\/p>\n<p>M\u00fasica, colorido y mucha emoci\u00f3n a la luz de los farolillos convert\u00edan las calles de G\u00e1ldar en una aut\u00e9ntica fiesta y uno de los momentos m\u00e1s importantes de las 544\u00aa Fiestas Mayores de Santiago de G\u00e1ldar. Ya ante el frontis de la iglesia se proced\u00eda a la tradicional quema de la silueta de un gran caballo en mitad de todo un espect\u00e1culo musical. A las 23:00h llegaba entonces otro gran acontecimiento, el Volc\u00e1n Anunciador de las Fiestas de Santiago, el fuego que anuncia la llegada de los d\u00edas grandes. Este a\u00f1o adem\u00e1s con una importante novedad, ya que el espect\u00e1culo de luz y fuegos artificiales volv\u00eda de nuevo a la cima de la Monta\u00f1a de G\u00e1ldar tras cuatro a\u00f1os sin hacerlo. <\/p>\n<p>Los fuegos artificiales iluminaban as\u00ed el cielo de G\u00e1ldar desde el pico de la Monta\u00f1a, en una de las im\u00e1genes m\u00e1s emblem\u00e1ticas de las fiestas, visible desde gran parte del municipio y anunciando por todo lo alto que G\u00e1ldar ya vive su semana cumbre. La jornada conclu\u00eda con m\u00fasica desde el escenario de la Plaza de Santiago con la presentaci\u00f3n del espect\u00e1culo \u201cCambio de Piel. Tributo a Marc Anthony\u201d. <\/p>\n<p>Las 544\u00aa Fiestas Mayores de Santiago, organizadas por la concejal\u00eda de Cultura y Fiestas del Ayuntamiento de G\u00e1ldar que dirige el primer teniente de alcalde Julio Mateo Castillo. El programa con los horarios y ubicaciones de todos los actos ya se puede consultar en galdar.es y en @ayuntamientodegaldar.<\/p>\n","protected":false},"excerpt":{"rendered":"<p>El tradicional pasacalle ha recorrido el casco hist\u00f3rico a la luz de los farolillos \u2013 El Volc\u00e1n Anunciador ha regresado a la cima de la Monta\u00f1a de G\u00e1ldar para anunciar&hellip;<\/p>\n","protected":false},"author":2,"featured_media":146,"comment_status":"open","ping_status":"open","sticky":false,"template":"","format":"standard","meta":{"wpai_generated_summary":"","wpai_meta_description":"","footnotes":""},"categories":[129],"tags":[],"class_list":["post-145","post","type-post","status-publish","format-standard","has-post-thumbnail","hentry","category-ayuntamiento-de-galdar"],"_links":{"self":[{"href":"https:\/\/nublo.tv\/index.php\/wp-json\/wp\/v2\/posts\/145","targetHints":{"allow":["GET"]}}],"collection":[{"href":"https:\/\/nublo.tv\/index.php\/wp-json\/wp\/v2\/posts"}],"about":[{"href":"https:\/\/nublo.tv\/index.php\/wp-json\/wp\/v2\/types\/post"}],"author":[{"embeddable":true,"href":"https:\/\/nublo.tv\/index.php\/wp-json\/wp\/v2\/users\/2"}],"replies":[{"embeddable":true,"href":"https:\/\/nublo.tv\/index.php\/wp-json\/wp\/v2\/comments?post=145"}],"version-history":[{"count":1,"href":"https:\/\/nublo.tv\/index.php\/wp-json\/wp\/v2\/posts\/145\/revisions"}],"predecessor-version":[{"id":592,"href":"https:\/\/nublo.tv\/index.php\/wp-json\/wp\/v2\/posts\/145\/revisions\/592"}],"wp:featuredmedia":[{"embeddable":true,"href":"https:\/\/nublo.tv\/index.php\/wp-json\/wp\/v2\/media\/146"}],"wp:attachment":[{"href":"https:\/\/nublo.tv\/index.php\/wp-json\/wp\/v2\/media?parent=145"}],"wp:term":[{"taxonomy":"category","embeddable":true,"href":"https:\/\/nublo.tv\/index.php\/wp-json\/wp\/v2\/categories?post=145"},{"taxonomy":"post_tag","embeddable":true,"href":"https:\/\/nublo.tv\/index.php\/wp-json\/wp\/v2\/tags?post=145"}],"curies":[{"name":"wp","href":"https:\/\/api.w.org\/{rel}","templated":true}]}}