{"id":1453,"date":"2026-08-05T23:54:38","date_gmt":"2026-08-05T22:54:38","guid":{"rendered":"https:\/\/nublo.tv\/?p=1453"},"modified":"2026-08-05T23:54:38","modified_gmt":"2026-08-05T22:54:38","slug":"la-iii-noche-magica-del-burro-llega-a-valsendero-para-reivindicar-el-legado-del-burro-canario-y-la-memoria-rural","status":"publish","type":"post","link":"https:\/\/nublo.tv\/index.php\/2026\/08\/05\/la-iii-noche-magica-del-burro-llega-a-valsendero-para-reivindicar-el-legado-del-burro-canario-y-la-memoria-rural\/","title":{"rendered":"La III Noche M\u00e1gica del Burro llega a Valsendero para reivindicar el legado del burro canario y la memoria rural"},"content":{"rendered":"<p class=\"western\" align=\"justify\"><strong>La cita, que se celebrar\u00e1 el pr\u00f3ximo 4 de julio a partir de las 18:00 horas como broche final a las fiestas de San Luis Gonzaga, una jornada de convivencia, tradici\u00f3n y divulgaci\u00f3n dedicada a uno de los animales m\u00e1s emblem\u00e1ticos de las median\u00edas de la isla<\/strong><\/p>\n<p class=\"western\" align=\"justify\">El pago de Valsendero se convertir\u00e1 ma\u00f1ana s\u00e1bado 4 de julio\u00a0en el escenario de la\u00a0III Noche M\u00e1gica del Burro, un encuentro que cambia de ubicaci\u00f3n para acercar esta iniciativa a los diferentes pagos del municipio y continuar poniendo en valor el papel que el burro canario desempe\u00f1\u00f3 durante generaciones en la vida cotidiana de Canarias.<\/p>\n<p class=\"western\" align=\"justify\">La cita, que pondr\u00e1 el broche final a las fiestas patronales de\u00a0San Luis Gonzaga, se ha consolidado como una propuesta singular dentro del calendario festivo del municipio, combinando actividades familiares, divulgaci\u00f3n, patrimonio etnogr\u00e1fico y un merecido reconocimiento a un animal que fue pieza clave en el desarrollo econ\u00f3mico y social de los entornos rurales.<\/p>\n<p class=\"western\" align=\"justify\">La programaci\u00f3n comenzar\u00e1 a las\u00a018:00 horas\u00a0con la llegada de los animales y diferentes actividades para el p\u00fablico infantil que puedan interactuar con ellos, conocer sus cuidados y descubrir las caracter\u00edsticas de una especie que durante d\u00e9cadas fue imprescindible para las labores agr\u00edcolas, el transporte de mercanc\u00edas y la comunicaci\u00f3n entre los municipios.<\/p>\n<p class=\"western\" align=\"justify\">A lo largo de la tarde tambi\u00e9n podr\u00e1 visitarse la exposici\u00f3n del concurso fotogr\u00e1fico, integrada por im\u00e1genes hist\u00f3ricas y actuales relacionadas con el mundo del burro y la vida rural. El p\u00fablico ser\u00e1 el encargado de elegir las fotograf\u00edas ganadoras y, posteriormente, tambi\u00e9n decidir\u00e1 mediante votaci\u00f3n el\u00a0Burro M\u00e1gico\u00a0y la\u00a0Burra M\u00e1gica, un concurso morfol\u00f3gico que se ha convertido en uno de los momentos m\u00e1s esperados del encuentro. La jornada concluir\u00e1 con un paseo de los animales por las calles de Valsendero, evocando una estampa que durante generaciones form\u00f3 parte de la vida diaria de las median\u00edas.<\/p>\n<p class=\"western\" align=\"justify\">Detr\u00e1s de esta iniciativa se encuentra el veterinario rural\u00a0An\u00edbal Vega Santana, quien impuls\u00f3 este proyecto hace tres a\u00f1os con el prop\u00f3sito de acercar la figura del burro canario a la poblaci\u00f3n y contribuir a su conservaci\u00f3n.<\/p>\n<p class=\"western\" align=\"justify\">\u00abLa ilusi\u00f3n sigue siendo exactamente la misma que el primer a\u00f1o. Lo \u00fanico que cambia es el escenario. Queremos que la Noche M\u00e1gica del Burro recorra los distintos pagos de Valleseco porque el burro form\u00f3 parte de todos ellos y todos conservan una historia ligada a estos animales\u00bb, explica.<\/p>\n<p class=\"western\" align=\"justify\">La idea surgi\u00f3 tras comprobar el inter\u00e9s que despertaban los burros en cada feria ganadera y en las actividades vinculadas al sector primario.<\/p>\n<p class=\"western\" align=\"justify\">\u00abVe\u00edamos que cada vez que la gente se encontraba con un burro quer\u00eda acercarse, tocarlo, fotografiarlo y conocer su historia. Entonces pensamos que un municipio con tanta tradici\u00f3n agr\u00edcola y ganadera deb\u00eda dedicarle un homenaje propio a un animal que fue fundamental para su desarrollo.\u00bb<\/p>\n<p class=\"western\" align=\"justify\">Para An\u00edbal, el proyecto tambi\u00e9n tiene un marcado componente personal. Su infancia, marcada por la presencia de los burros en el entorno familiar, despert\u00f3 una vocaci\u00f3n que a\u00f1os despu\u00e9s lo llevar\u00eda a convertirse en veterinario rural.<\/p>\n<p class=\"western\" align=\"justify\">\u00abSiempre digo que la imagen que m\u00e1s me emociona es la de mi abuelo con sus burros. Crec\u00ed vi\u00e9ndolos formar parte de la familia y esos recuerdos fueron los que me llevaron a estudiar Veterinaria. Incluso mi proyecto de fin de carrera estuvo dedicado al burro. Desde entonces no he dejado de trabajar para divulgar su importancia.\u00bb<\/p>\n<p class=\"western\" align=\"justify\">Tras m\u00e1s de una d\u00e9cada ejerciendo la profesi\u00f3n, asegura que el contacto diario con el campo contin\u00faa siendo el principal motor de su trabajo.<\/p>\n<p class=\"western\" align=\"justify\">\u00abEs una profesi\u00f3n exigente, con muchas horas de carretera y sacrificio, pero tambi\u00e9n muy gratificante. No solo cuidas de los animales; tambi\u00e9n acompa\u00f1as a las personas que viven de ellos y terminas formando parte de sus historias.\u00bb<\/p>\n<p class=\"western\" align=\"justify\">Uno de los principales objetivos del encuentro es desmontar algunos de los t\u00f3picos que hist\u00f3ricamente han acompa\u00f1ado al burro.<\/p>\n<p class=\"western\" align=\"justify\">\u00abSe le ha considerado un animal terco, cuando en realidad es todo lo contrario. Es inteligente, prudente, sensible y extraordinariamente noble. Tiene una enorme capacidad para detectar situaciones de peligro y una memoria excepcional. Son animales muy agradecidos y crean un v\u00ednculo muy especial con las personas que los cuidan.\u00bb<\/p>\n<p class=\"western\" align=\"justify\">El veterinario recuerda que el burro fue mucho m\u00e1s que un animal de carga.<\/p>\n<p class=\"western\" align=\"justify\">\u00abAntes de la llegada de la maquinaria y de las carreteras, era la herramienta de trabajo indispensable en nuestros pueblos. Transportaba cosechas, materiales, alimentos e incluso repart\u00eda la leche por los barrios. Fue uno de los grandes impulsores del desarrollo de las median\u00edas de Gran Canaria.\u00bb<\/p>\n<p class=\"western\" align=\"justify\">Aunque hoy aquellas funciones han desaparecido casi por completo, el burro contin\u00faa encontrando un espacio en las explotaciones ganaderas, en la educaci\u00f3n ambiental, en el mantenimiento sostenible de fincas y, cada vez m\u00e1s, como animal de compa\u00f1\u00eda.<\/p>\n<p class=\"western\" align=\"justify\">\u00abMuchas familias se interesan por tener un burro porque descubren su car\u00e1cter tranquilo y afectuoso. Son animales que sorprenden a quien los conoce de cerca y queremos que precisamente esta noche sirva para acercarlos a toda la poblaci\u00f3n.\u00bb<\/p>\n<p class=\"western\" align=\"justify\">El \u00e9xito alcanzado en las dos primeras ediciones ha favorecido el crecimiento de la iniciativa, tanto por el aumento de visitantes como por la participaci\u00f3n de ganaderos llegados desde distintos municipios de la isla.<\/p>\n<p class=\"western\" align=\"justify\">\u00abCada a\u00f1o participan personas de m\u00e1s lugares de Gran Canaria y tambi\u00e9n nuevos ganaderos que quieren compartir esta experiencia. Eso demuestra que el homenaje est\u00e1 creciendo y que el burro sigue despertando un enorme inter\u00e9s entre la ciudadan\u00eda.\u00bb<\/p>\n<p class=\"western\" align=\"justify\">La organizaci\u00f3n tambi\u00e9n ha recibido numerosas fotograf\u00edas procedentes de diferentes puntos de la isla para el concurso expositivo, reflejo de la profunda huella que este animal ha dejado en la memoria colectiva de Canarias.<\/p>\n<p class=\"western\" align=\"justify\">La III Noche M\u00e1gica del Burro aspira a consolidarse como un encuentro que trasciende el \u00e1mbito festivo para convertirse en un espacio de divulgaci\u00f3n, convivencia y reconocimiento a un patrimonio vivo que forma parte de la identidad de Valleseco y de Gran Canaria. Con el traslado de esta edici\u00f3n a Valsendero, la organizaci\u00f3n reafirma su compromiso de llevar el homenaje a los distintos pagos del municipio y seguir construyendo, entre vecinos y visitantes, una memoria compartida en torno a un animal que durante siglos ayud\u00f3 a escribir la historia de nuestros pueblos.<\/p>\n<p class=\"western\" align=\"justify\">\u00abInvitamos a todas las familias a acompa\u00f1arnos. Quienes ya han venido saben el ambiente tan especial que se vive y quienes a\u00fan no lo conocen descubrir\u00e1n a unos animales nobles, inteligentes y cari\u00f1osos que merecen seguir ocupando un lugar en nuestra historia y en nuestro presente\u00bb.<\/p>\n","protected":false},"excerpt":{"rendered":"<p>La cita, que se celebrar\u00e1 el pr\u00f3ximo 4 de julio a partir de las 18:00 horas como broche final a las fiestas de San Luis Gonzaga, una jornada de convivencia,&hellip;<\/p>\n","protected":false},"author":1,"featured_media":1454,"comment_status":"open","ping_status":"open","sticky":false,"template":"","format":"standard","meta":{"wpai_generated_summary":"","wpai_meta_description":"","footnotes":""},"categories":[143],"tags":[],"class_list":["post-1453","post","type-post","status-publish","format-standard","has-post-thumbnail","hentry","category-ayuntamiento-de-valleseco"],"_links":{"self":[{"href":"https:\/\/nublo.tv\/index.php\/wp-json\/wp\/v2\/posts\/1453","targetHints":{"allow":["GET"]}}],"collection":[{"href":"https:\/\/nublo.tv\/index.php\/wp-json\/wp\/v2\/posts"}],"about":[{"href":"https:\/\/nublo.tv\/index.php\/wp-json\/wp\/v2\/types\/post"}],"author":[{"embeddable":true,"href":"https:\/\/nublo.tv\/index.php\/wp-json\/wp\/v2\/users\/1"}],"replies":[{"embeddable":true,"href":"https:\/\/nublo.tv\/index.php\/wp-json\/wp\/v2\/comments?post=1453"}],"version-history":[{"count":1,"href":"https:\/\/nublo.tv\/index.php\/wp-json\/wp\/v2\/posts\/1453\/revisions"}],"predecessor-version":[{"id":1642,"href":"https:\/\/nublo.tv\/index.php\/wp-json\/wp\/v2\/posts\/1453\/revisions\/1642"}],"wp:featuredmedia":[{"embeddable":true,"href":"https:\/\/nublo.tv\/index.php\/wp-json\/wp\/v2\/media\/1454"}],"wp:attachment":[{"href":"https:\/\/nublo.tv\/index.php\/wp-json\/wp\/v2\/media?parent=1453"}],"wp:term":[{"taxonomy":"category","embeddable":true,"href":"https:\/\/nublo.tv\/index.php\/wp-json\/wp\/v2\/categories?post=1453"},{"taxonomy":"post_tag","embeddable":true,"href":"https:\/\/nublo.tv\/index.php\/wp-json\/wp\/v2\/tags?post=1453"}],"curies":[{"name":"wp","href":"https:\/\/api.w.org\/{rel}","templated":true}]}}