{"id":1455,"date":"2026-08-05T23:54:38","date_gmt":"2026-08-05T22:54:38","guid":{"rendered":"https:\/\/nublo.tv\/?p=1455"},"modified":"2026-08-05T23:54:38","modified_gmt":"2026-08-05T22:54:38","slug":"valleseco-anima-a-la-ciudadania-a-inmortalizar-la-cultura-de-la-sidra-y-la-manzana-en-el-concurso-internacional-de-fotografia-cidereu-2026","status":"publish","type":"post","link":"https:\/\/nublo.tv\/index.php\/2026\/08\/05\/valleseco-anima-a-la-ciudadania-a-inmortalizar-la-cultura-de-la-sidra-y-la-manzana-en-el-concurso-internacional-de-fotografia-cidereu-2026\/","title":{"rendered":"Valleseco anima a la ciudadan\u00eda a inmortalizar la cultura de la sidra y la manzana en el Concurso Internacional de Fotograf\u00eda CIDEREU 2026"},"content":{"rendered":"<p class=\"western\" align=\"justify\"><strong>Un certamen que pone en valor el patrimonio sidrero y manzanero, una de las se\u00f1as de identidad del municipio, con premios de hasta 500 euros y una exposici\u00f3n internacional<\/strong><\/p>\n<p class=\"western\" align=\"justify\">El Ayuntamiento vallesequense hace un llamamiento a la poblaci\u00f3n para participar en el\u00a0Concurso Internacional de Fotograf\u00eda CIDEREU 2026, una iniciativa enmarcada en el proyecto europeo CIDEREU que invita a capturar, a trav\u00e9s de la fotograf\u00eda, la riqueza del patrimonio de la manzana y la cultura de la sidra, dos elementos que forman parte de la identidad, la historia y el desarrollo del municipio.<\/p>\n<p class=\"western\" align=\"justify\">Valleseco, referente en Canarias por su tradici\u00f3n manzanera y sidrera, encuentra en este certamen una oportunidad para proyectar al \u00e1mbito internacional el trabajo que, generaci\u00f3n tras generaci\u00f3n, ha permitido conservar este legado. Los paisajes, los manzaneros, las labores agr\u00edcolas, la cosecha, la elaboraci\u00f3n de la sidra y las personas que mantienen viva esta tradici\u00f3n son algunos de los protagonistas que pueden reflejarse en las im\u00e1genes participantes.<\/p>\n<p class=\"western\" align=\"justify\">Uno de los aspectos m\u00e1s destacados de esta edici\u00f3n es el reconocimiento al\u00a0papel de la mujer rural, cuya dedicaci\u00f3n ha sido esencial en la conservaci\u00f3n, transmisi\u00f3n e innovaci\u00f3n de la cultura de la manzana y la sidra. El concurso invita a visibilizar el trabajo de las mujeres que, desde las explotaciones agr\u00edcolas, las bodegas, las asociaciones o el \u00e1mbito familiar, han contribuido a preservar este patrimonio cultural, social y productivo, convirti\u00e9ndose en aut\u00e9nticas guardianas de una tradici\u00f3n que sigue definiendo la identidad de muchos territorios europeos, entre ellos Valleseco.<\/p>\n<p class=\"western\" align=\"justify\">El certamen est\u00e1 abierto a\u00a0personas mayores de 18 a\u00f1os, aficionadas o profesionales, de cualquier nacionalidad, que podr\u00e1n presentar\u00a0hasta diez fotograf\u00edas. Las im\u00e1genes deber\u00e1n haber sido realizadas durante los cinco a\u00f1os anteriores al inicio del concurso y presentarse exclusivamente en formato digital. Se permite la edici\u00f3n b\u00e1sica de las fotograf\u00edas, aunque\u00a0no est\u00e1 autorizado el uso de Inteligencia Artificial generativa, ni la manipulaci\u00f3n que altere el contenido original de la imagen. Tampoco podr\u00e1n presentarse obras que hayan sido premiadas anteriormente en otros concursos.<\/p>\n<p class=\"western\" align=\"justify\">El plazo para participar permanecer\u00e1 abierto\u00a0hasta el 15 de julio de 2026, a las 23:59 horas (CET). Las fotograf\u00edas deber\u00e1n enviarse en formato JPG, orientaci\u00f3n vertical y un tama\u00f1o m\u00e1ximo de 3 MB, a trav\u00e9s de la plataforma oficial del concurso. Los resultados se dar\u00e1n a conocer el\u00a031 de julio de 2026.<\/p>\n<p class=\"western\" align=\"justify\">El Concurso Internacional de Fotograf\u00eda CIDEREU contempla un\u00a0Primer Premio Internacional de 500 euros, un\u00a0Segundo Premio Internacional de 200 euros\u00a0y un\u00a0Premio Local de 100 euros\u00a0para cada uno de los territorios socios del proyecto. Adem\u00e1s, las\u00a020 mejores fotograf\u00edas\u00a0formar\u00e1n parte de una exposici\u00f3n internacional itinerante y de un cat\u00e1logo digital que recorrer\u00e1n los distintos territorios europeos participantes, convirti\u00e9ndose en un escaparate de primer nivel para la promoci\u00f3n de este patrimonio com\u00fan.<\/p>\n<p class=\"western\" align=\"justify\">Desde el Ayuntamiento de Valleseco se anima especialmente a vecinos y vecinas, as\u00ed como a todas aquellas personas que sienten el mundo rural como parte de su identidad, a participar en esta convocatoria. M\u00e1s all\u00e1 de optar a los premios econ\u00f3micos, el certamen supone una oportunidad para poner en valor el paisaje, las tradiciones y el trabajo de quienes han hecho de la manzana y la sidra un s\u00edmbolo de Valleseco y un referente dentro de la red europea CIDEREU.<\/p>\n<p class=\"western\" align=\"justify\">Las personas interesadas pueden consultar las bases completas en\u00a0<a href=\"https:\/\/cidereu.eu\/\" target=\"_blank\" rel=\"noopener\">https:\/\/cidereu.eu\/<\/a>\u00a0y presentar sus fotograf\u00edas a trav\u00e9s de la plataforma oficial\u00a0<span style=\"color: #0000ff\"><u><a href=\"https:\/\/cidereu.fotogenius.es\/\" target=\"_blank\" rel=\"noopener\">https:\/\/cidereu.fotogenius.es\/<\/a><\/u><\/span>\u00a0hasta el\u00a0<strong>15 de julio de 2026<\/strong>.<\/p>\n","protected":false},"excerpt":{"rendered":"<p>Un certamen que pone en valor el patrimonio sidrero y manzanero, una de las se\u00f1as de identidad del municipio, con premios de hasta 500 euros y una exposici\u00f3n internacional El&hellip;<\/p>\n","protected":false},"author":1,"featured_media":1456,"comment_status":"open","ping_status":"open","sticky":false,"template":"","format":"standard","meta":{"wpai_generated_summary":"","wpai_meta_description":"","footnotes":""},"categories":[143],"tags":[],"class_list":["post-1455","post","type-post","status-publish","format-standard","has-post-thumbnail","hentry","category-ayuntamiento-de-valleseco"],"_links":{"self":[{"href":"https:\/\/nublo.tv\/index.php\/wp-json\/wp\/v2\/posts\/1455","targetHints":{"allow":["GET"]}}],"collection":[{"href":"https:\/\/nublo.tv\/index.php\/wp-json\/wp\/v2\/posts"}],"about":[{"href":"https:\/\/nublo.tv\/index.php\/wp-json\/wp\/v2\/types\/post"}],"author":[{"embeddable":true,"href":"https:\/\/nublo.tv\/index.php\/wp-json\/wp\/v2\/users\/1"}],"replies":[{"embeddable":true,"href":"https:\/\/nublo.tv\/index.php\/wp-json\/wp\/v2\/comments?post=1455"}],"version-history":[{"count":1,"href":"https:\/\/nublo.tv\/index.php\/wp-json\/wp\/v2\/posts\/1455\/revisions"}],"predecessor-version":[{"id":1643,"href":"https:\/\/nublo.tv\/index.php\/wp-json\/wp\/v2\/posts\/1455\/revisions\/1643"}],"wp:featuredmedia":[{"embeddable":true,"href":"https:\/\/nublo.tv\/index.php\/wp-json\/wp\/v2\/media\/1456"}],"wp:attachment":[{"href":"https:\/\/nublo.tv\/index.php\/wp-json\/wp\/v2\/media?parent=1455"}],"wp:term":[{"taxonomy":"category","embeddable":true,"href":"https:\/\/nublo.tv\/index.php\/wp-json\/wp\/v2\/categories?post=1455"},{"taxonomy":"post_tag","embeddable":true,"href":"https:\/\/nublo.tv\/index.php\/wp-json\/wp\/v2\/tags?post=1455"}],"curies":[{"name":"wp","href":"https:\/\/api.w.org\/{rel}","templated":true}]}}