{"id":148,"date":"2026-08-04T17:19:27","date_gmt":"2026-08-04T16:19:27","guid":{"rendered":"https:\/\/nublo.tv\/?p=148"},"modified":"2026-08-04T17:19:27","modified_gmt":"2026-08-04T16:19:27","slug":"el-ayuntamiento-solicita-autorizacion-a-costas-para-allanar-de-manera-puntual-los-callaos-de-la-cicer-en-las-canteras","status":"publish","type":"post","link":"https:\/\/nublo.tv\/index.php\/2026\/08\/04\/el-ayuntamiento-solicita-autorizacion-a-costas-para-allanar-de-manera-puntual-los-callaos-de-la-cicer-en-las-canteras\/","title":{"rendered":"El Ayuntamiento solicita autorizaci\u00f3n a Costas para allanar de manera puntual los callaos de La C\u00edcer, en Las Canteras"},"content":{"rendered":"<p>Ciudad de Mar pide a la Demarcaci\u00f3n de Costas de Canarias, como administraci\u00f3n competente, una actuaci\u00f3n localizada de mantenimiento, sin extracci\u00f3n de materiales, aportes externos ni trasvase de arena<\/p>\n<p>Las Palmas de Gran Canaria, martes 4 de agosto de 2026.- El Ayuntamiento de Las Palmas de Gran Canaria, a trav\u00e9s del \u00e1rea de Ciudad de Mar, que dirige el concejal de Gobierno Pedro Quevedo, ha solicitado formalmente a la Demarcaci\u00f3n de Costas de Canarias autorizaci\u00f3n para llevar a cabo tareas puntuales de mantenimiento para allanar la acumulaci\u00f3n de callaos en puntos concretos del \u00e1rea de La C\u00edcer, en la playa de Las Canteras.<\/p>\n<p>La petici\u00f3n responde a la situaci\u00f3n excepcional que presenta este a\u00f1o este sector de la playa, con una menor presencia de arena emergida debido a los sucesivos episodios de oleaje y los temporales registrados desde finales de 2025 y la tormenta Therese, de marzo de 2026.\u00a0<\/p>\n<p>Esta circunstancia ha dejado al descubierto y ha concentrado material p\u00e9treo en determinadas zonas, afectando puntualmente a las condiciones de acceso, seguridad y uso de la playa, as\u00ed como a la pr\u00e1ctica del surfing, especialmente en los niveles de iniciaci\u00f3n.<\/p>\n<p>Seg\u00fan los informes encargados por Ciudad de Mar, la arena permanece dentro del sistema litoral y se localiza en zonas sumergidas pr\u00f3ximas a la orilla. La din\u00e1mica natural y las pr\u00f3ximas mareas pueden favorecer su retorno progresivo al perfil emergido.<\/p>\n<p>La actuaci\u00f3n solicitada a la demarcaci\u00f3n de Costas del Estado se limita a tareas de mantenimiento y el allanado de acumulaciones de callaos en aquellos puntos donde generan desniveles o dificultan el uso seguro. No se plantea la extracci\u00f3n de materiales, la incorporaci\u00f3n de arena externa ni una modificaci\u00f3n sustancial del perfil de la playa.<\/p>\n<p>La solicitud se fundamenta en estudios t\u00e9cnicos realizados por Ellitoral Estudios de Ingenier\u00eda Costera y Oceanogr\u00e1fica, que reportan informaci\u00f3n sobre un levantamiento batim\u00e9trico de aguas someras y una comparativa de la zona emergida sobre la distribuci\u00f3n de arenas, cantos y callaos. Ambos aportan informaci\u00f3n actualizada para valorar la evoluci\u00f3n del perfil y definir medidas proporcionadas de mantenimiento, acordes con el debido respeto a este entorno natural.<\/p>\n<p>Ciudad de Mar contin\u00faa cooperando con la ULPGC y la Demarcaci\u00f3n de Costas del Estado en Canarias, dentro del \u00e1mbito competencial de cada administraci\u00f3n, para conservar esta zona litoral sensible y compatibilizar su protecci\u00f3n con la seguridad de las personas usuarias y la pr\u00e1ctica del surf.<\/p>\n<p>El Ayuntamiento continuar\u00e1 con el seguimiento de la playa, de los cambios que se produzcan con las mareas y los vientos, as\u00ed como los aportes naturales de arena. Los resultados se compartir\u00e1n con la Demarcaci\u00f3n de Costas para valorar si la evoluci\u00f3n natural resulta suficiente o si fueran necesarias otras medidas. Mientras tanto, se mantienen los servicios ordinarios de limpieza, salvamento, se\u00f1alizaci\u00f3n y vigilancia.<\/p>\n","protected":false},"excerpt":{"rendered":"<p>Ciudad de Mar pide a la Demarcaci\u00f3n de Costas de Canarias, como administraci\u00f3n competente, una actuaci\u00f3n localizada de mantenimiento, sin extracci\u00f3n de materiales, aportes externos ni trasvase de arenaLas Palmas&hellip;<\/p>\n","protected":false},"author":16,"featured_media":149,"comment_status":"open","ping_status":"open","sticky":false,"template":"","format":"standard","meta":{"wpai_generated_summary":"","wpai_meta_description":"","footnotes":""},"categories":[132],"tags":[],"class_list":["post-148","post","type-post","status-publish","format-standard","has-post-thumbnail","hentry","category-ayuntamiento-de-las-palmas-de-gran-canaria"],"_links":{"self":[{"href":"https:\/\/nublo.tv\/index.php\/wp-json\/wp\/v2\/posts\/148","targetHints":{"allow":["GET"]}}],"collection":[{"href":"https:\/\/nublo.tv\/index.php\/wp-json\/wp\/v2\/posts"}],"about":[{"href":"https:\/\/nublo.tv\/index.php\/wp-json\/wp\/v2\/types\/post"}],"author":[{"embeddable":true,"href":"https:\/\/nublo.tv\/index.php\/wp-json\/wp\/v2\/users\/16"}],"replies":[{"embeddable":true,"href":"https:\/\/nublo.tv\/index.php\/wp-json\/wp\/v2\/comments?post=148"}],"version-history":[{"count":1,"href":"https:\/\/nublo.tv\/index.php\/wp-json\/wp\/v2\/posts\/148\/revisions"}],"predecessor-version":[{"id":409,"href":"https:\/\/nublo.tv\/index.php\/wp-json\/wp\/v2\/posts\/148\/revisions\/409"}],"wp:featuredmedia":[{"embeddable":true,"href":"https:\/\/nublo.tv\/index.php\/wp-json\/wp\/v2\/media\/149"}],"wp:attachment":[{"href":"https:\/\/nublo.tv\/index.php\/wp-json\/wp\/v2\/media?parent=148"}],"wp:term":[{"taxonomy":"category","embeddable":true,"href":"https:\/\/nublo.tv\/index.php\/wp-json\/wp\/v2\/categories?post=148"},{"taxonomy":"post_tag","embeddable":true,"href":"https:\/\/nublo.tv\/index.php\/wp-json\/wp\/v2\/tags?post=148"}],"curies":[{"name":"wp","href":"https:\/\/api.w.org\/{rel}","templated":true}]}}