{"id":150,"date":"2026-08-04T17:19:27","date_gmt":"2026-08-04T16:19:27","guid":{"rendered":"https:\/\/nublo.tv\/?p=150"},"modified":"2026-08-04T17:19:27","modified_gmt":"2026-08-04T16:19:27","slug":"se-inician-las-obras-de-emergencia-del-colector-de-la-ebar-del-teatro","status":"publish","type":"post","link":"https:\/\/nublo.tv\/index.php\/2026\/08\/04\/se-inician-las-obras-de-emergencia-del-colector-de-la-ebar-del-teatro\/","title":{"rendered":"Se inician las obras de emergencia del colector de la EBAR del Teatro"},"content":{"rendered":"<p>La actuaci\u00f3n, declarada de emergencia tras el colapso provocado en la infraestructura por la borrasca Therese, cuenta con una inversi\u00f3n de 3,58 millones de euros y ha comenzado este lunes con los trabajos previos en el entorno de la Plaza Stagno\u00a0<\/p>\n<p>La obra de esta infraestructura estrat\u00e9gica, al que llega el 85% del agua residual de la ciudad, garantizar\u00e1 la continuidad de un servicio esencial para el municipio y conllevar\u00e1 una reorganizaci\u00f3n del tr\u00e1fico y del transporte p\u00fablico en el entorno de la EBAR Teatro<\/p>\n<p>Las Palmas de Gran Canaria, 3 de agosto de 2026. El Ayuntamiento de Las Palmas de Gran Canaria y la empresa mixta EMALSA han iniciado este lunes los trabajos previos de las obras de emergencia para renovar el colector principal de llegada de aguas residuales a la Estaci\u00f3n de Bombeo de Aguas Residuales (EBAR) Teatro, una infraestructura estrat\u00e9gica por la que pasa aproximadamente el 85% de las aguas residuales generadas en la capital.<br \/>La actuaci\u00f3n, que supone una inversi\u00f3n de 3,58 millones de euros, fue declarada de emergencia tras los da\u00f1os ocasionados por la borrasca \u2018Therese\u2019 a finales del pasado mes de marzo, cuando el colector sufri\u00f3 un colapso estructural y oblig\u00f3 a actuar con la m\u00e1xima rapidez para garantizar la continuidad del servicio.<br \/>La empresa mixta EMALSA ejecutar\u00e1 los trabajos necesarios para sustituir el colector y restituir las condiciones de seguridad de la instalaci\u00f3n y reforzar la fiabilidad de una infraestructura cr\u00edtica para el saneamiento de la ciudad, al mismo tiempo que se garantizar\u00e1 el correcto funcionamiento de la infraestructura mientras se est\u00e9n llevando a cabo las obras.\u00a0<br \/>Una infraestructura esencial de 56 a\u00f1os de antig\u00fcedad\u00a0<br \/>La EBAR Teatro, que tiene 56 a\u00f1os de antig\u00fcedad, constituye el principal nodo del sistema de saneamiento de Las Palmas de Gran Canaria. Desde esta instalaci\u00f3n se impulsan hacia la Estaci\u00f3n Depuradora de Aguas Residuales (EDAR) de Barranco Seco las aguas residuales procedentes de la mayor parte de la ciudad para su tratamiento antes de su devoluci\u00f3n al medio natural.<br \/>Su correcto funcionamiento resulta esencial para garantizar la continuidad del servicio de saneamiento, proteger la salud p\u00fablica, preservar el litoral y asegurar el normal desarrollo de la actividad econ\u00f3mica y social de la capital.<br \/>Los informes t\u00e9cnicos concluyen que los da\u00f1os ocasionados por la borrasca hacen imprescindible sustituir el colector afectado, ya que un nuevo episodio de lluvias intensas podr\u00eda comprometer gravemente el funcionamiento del sistema.<br \/>Una actuaci\u00f3n de elevada complejidad t\u00e9cnica<br \/>La intervenci\u00f3n se desarrollar\u00e1 en el entorno de la plaza de Stagno, la estaci\u00f3n de Guaguas Municipales, la calle Francisco Jare\u00f1o y la avenida Rafael Cabrera.<br \/>Antes de sustituir el colector principal es necesario realizar trabajos previos en los servicios afectados, entre ellos una conducci\u00f3n de abastecimiento, una l\u00ednea el\u00e9ctrica de media tensi\u00f3n y una conducci\u00f3n de agua regenerada destinada al riego de zonas verdes. Durante esta primera fase no se prev\u00e9n afecciones significativas al tr\u00e1fico rodado.<br \/>Las obras han comenzado con la implantaci\u00f3n de la zona de trabajo y la preparaci\u00f3n del \u00e1mbito de actuaci\u00f3n, incluyendo la retirada del parterre existente, el trasplante de \u00e1rboles, y el desmontaje de distintos elementos de mobiliario urbano y se\u00f1alizaci\u00f3n necesarios para facilitar la ejecuci\u00f3n de los trabajos.<br \/>Renovaci\u00f3n del colector de casi 20 metros\u00a0<br \/>Una vez concluidos los desv\u00edos de servicios comenzar\u00e1, previsiblemente en la segunda quincena de septiembre, la fase principal de la actuaci\u00f3n, que incluir\u00e1 la renovaci\u00f3n de las conducciones de impulsi\u00f3n y del colector principal de saneamiento, que est\u00e1 situado a unos seis metros de profundidad y que mide cerca 20 metros.\u00a0<br \/>La complejidad de esta intervenci\u00f3n exigir\u00e1 excavaciones de gran entidad, sistemas especiales de contenci\u00f3n del terreno y un dispositivo provisional que permitir\u00e1 mantener operativo el servicio de saneamiento durante toda la ejecuci\u00f3n de la obra.<br \/>Esta fase obligar\u00e1 al cierre temporal de la avenida Rafael Cabrera, para lo que el Ayuntamiento pondr\u00e1 en marcha un plan espec\u00edfico de movilidad coordinado con la Polic\u00eda Local, Guaguas Municipales y el resto de servicios implicados, con el objetivo de minimizar las afecciones a vecinos, comercios y usuarios del transporte p\u00fablico.<br \/>Una inversi\u00f3n para reforzar el sistema de saneamiento<br \/>Esta actuaci\u00f3n, cuya finalizaci\u00f3n est\u00e1 prevista para finales de noviembre, permitir\u00e1 renovar una infraestructura estrat\u00e9gica para la ciudad y reducir de forma significativa el riesgo de futuras aver\u00edas.<br \/>La renovaci\u00f3n del colector principal y de las conducciones de impulsi\u00f3n incrementar\u00e1 la seguridad, la capacidad de respuesta y la fiabilidad del sistema de saneamiento, reforzando una infraestructura esencial que presta servicio diariamente a cientos de miles de personas y mejorando su preparaci\u00f3n frente a futuros episodios meteorol\u00f3gicos extremos.<\/p>\n","protected":false},"excerpt":{"rendered":"<p>La actuaci\u00f3n, declarada de emergencia tras el colapso provocado en la infraestructura por la borrasca Therese, cuenta con una inversi\u00f3n de 3,58 millones de euros y ha comenzado este lunes&hellip;<\/p>\n","protected":false},"author":16,"featured_media":151,"comment_status":"open","ping_status":"open","sticky":false,"template":"","format":"standard","meta":{"wpai_generated_summary":"","wpai_meta_description":"","footnotes":""},"categories":[132],"tags":[],"class_list":["post-150","post","type-post","status-publish","format-standard","has-post-thumbnail","hentry","category-ayuntamiento-de-las-palmas-de-gran-canaria"],"_links":{"self":[{"href":"https:\/\/nublo.tv\/index.php\/wp-json\/wp\/v2\/posts\/150","targetHints":{"allow":["GET"]}}],"collection":[{"href":"https:\/\/nublo.tv\/index.php\/wp-json\/wp\/v2\/posts"}],"about":[{"href":"https:\/\/nublo.tv\/index.php\/wp-json\/wp\/v2\/types\/post"}],"author":[{"embeddable":true,"href":"https:\/\/nublo.tv\/index.php\/wp-json\/wp\/v2\/users\/16"}],"replies":[{"embeddable":true,"href":"https:\/\/nublo.tv\/index.php\/wp-json\/wp\/v2\/comments?post=150"}],"version-history":[{"count":1,"href":"https:\/\/nublo.tv\/index.php\/wp-json\/wp\/v2\/posts\/150\/revisions"}],"predecessor-version":[{"id":413,"href":"https:\/\/nublo.tv\/index.php\/wp-json\/wp\/v2\/posts\/150\/revisions\/413"}],"wp:featuredmedia":[{"embeddable":true,"href":"https:\/\/nublo.tv\/index.php\/wp-json\/wp\/v2\/media\/151"}],"wp:attachment":[{"href":"https:\/\/nublo.tv\/index.php\/wp-json\/wp\/v2\/media?parent=150"}],"wp:term":[{"taxonomy":"category","embeddable":true,"href":"https:\/\/nublo.tv\/index.php\/wp-json\/wp\/v2\/categories?post=150"},{"taxonomy":"post_tag","embeddable":true,"href":"https:\/\/nublo.tv\/index.php\/wp-json\/wp\/v2\/tags?post=150"}],"curies":[{"name":"wp","href":"https:\/\/api.w.org\/{rel}","templated":true}]}}