{"id":154,"date":"2026-08-04T17:19:27","date_gmt":"2026-08-04T16:19:27","guid":{"rendered":"https:\/\/nublo.tv\/?p=154"},"modified":"2026-08-04T17:19:27","modified_gmt":"2026-08-04T16:19:27","slug":"el-ayuntamiento-concluye-el-asfaltado-en-una-veintena-de-calles-en-el-barrio-de-guanarteme","status":"publish","type":"post","link":"https:\/\/nublo.tv\/index.php\/2026\/08\/04\/el-ayuntamiento-concluye-el-asfaltado-en-una-veintena-de-calles-en-el-barrio-de-guanarteme\/","title":{"rendered":"El Ayuntamiento concluye el asfaltado en una veintena de calles en el barrio de Guanarteme"},"content":{"rendered":"<p>Los trabajos, con un presupuesto de 1,2 millones de euros, han permitido renovar m\u00e1s de 43.500 metros cuadrados de firme\u00a0<\/p>\n<p>Con esta actuaci\u00f3n, el Ayuntamiento ha finalizado dos de los tres lotes adjudicados a comienzos de a\u00f1o dentro de esta fase del Plan de Asfaltado municipal<\/p>\n<p>Las Palmas de Gran Canaria, 3 de agosto de 2026. El Ayuntamiento de Las Palmas de Gran Canaria ha finalizado los trabajos de asfaltado en una veintena de calles del barrio de Guanarteme, una actuaci\u00f3n que ha permitido renovar m\u00e1s de 43.500 metros cuadrados de firme y mejorar las condiciones de circulaci\u00f3n en el Distrito Isleta-Puerto-Guanarteme.<br \/>El concejal de V\u00edas y Obras y Alumbrado, Carlos D\u00edaz, ha se\u00f1alado que el Ayuntamiento ha destinado cerca de 1,2 millones de euros a esta intervenci\u00f3n, que forma parte del Plan de Asfaltado municipal, iniciado en 2024 y que contempla una inversi\u00f3n de 40 millones de euros hasta el a\u00f1o 2031 para actuar en cerca de 500 calles de la ciudad.<br \/>\u201cCon estos trabajos seguimos avanzando en la modernizaci\u00f3n de la red viaria de la ciudad, mejorando la seguridad, el confort de la circulaci\u00f3n y el estado de las calles en todos los distritos\u201d, ha destacado D\u00edaz.<br \/>La actuaci\u00f3n ha incluido la renovaci\u00f3n del pavimento en la Carretera del Rinc\u00f3n, la calle Guarela, la avenida Pr\u00edncipe de Asturias, Numancia, P\u00e1rroco Francisco Rodr\u00edguez Rodr\u00edguez, Castillejos, Vergara, Lepanto, El Salvador, Espartero, Per\u00fa, Puerto Rico, la avenida Jos\u00e9 Mesa y L\u00f3pez \u2014entre la plaza Am\u00e9rica y la calle Costa Rica\u2014, Paraguay, Panam\u00e1, Portugal, Pelayo, Antonio Medina Vega, Churruca y Salvador Manrique de Lara.<br \/>Con la finalizaci\u00f3n de las obras en Guanarteme, el Ayuntamiento ha completado ya dos de los tres lotes adjudicados a comienzos de este a\u00f1o dentro de esta fase del Plan de Asfaltado municipal, tras concluir previamente la actuaci\u00f3n en la avenida de Escaleritas. En la actualidad, la Concejal\u00eda de V\u00edas y Obras y Alumbrado contin\u00faa ejecutando el tercer lote en el barrio de Alcaravaneras, donde se est\u00e1 renovando el firme de 16 calles.<br \/>Estas actuaciones forman parte de la estrategia municipal para conservar y mejorar el viario urbano, incrementando la seguridad vial, el confort de la circulaci\u00f3n y la durabilidad del pavimento, al tiempo que se reducen las necesidades de mantenimiento de las calzadas.<br \/>El Plan de Asfaltado municipal ha movilizado en los dos \u00faltimos a\u00f1os m\u00e1s de 8 millones de euros para la renovaci\u00f3n del firme en distintos barrios de la ciudad y continuar\u00e1 desarroll\u00e1ndose hasta 2031 con el objetivo de actuar en cerca de 500 calles de todos los distritos de Las Palmas de Gran Canaria.<\/p>\n","protected":false},"excerpt":{"rendered":"<p>Los trabajos, con un presupuesto de 1,2 millones de euros, han permitido renovar m\u00e1s de 43.500 metros cuadrados de firme\u00a0Con esta actuaci\u00f3n, el Ayuntamiento ha finalizado dos de los tres&hellip;<\/p>\n","protected":false},"author":16,"featured_media":155,"comment_status":"open","ping_status":"open","sticky":false,"template":"","format":"standard","meta":{"wpai_generated_summary":"","wpai_meta_description":"","footnotes":""},"categories":[132],"tags":[],"class_list":["post-154","post","type-post","status-publish","format-standard","has-post-thumbnail","hentry","category-ayuntamiento-de-las-palmas-de-gran-canaria"],"_links":{"self":[{"href":"https:\/\/nublo.tv\/index.php\/wp-json\/wp\/v2\/posts\/154","targetHints":{"allow":["GET"]}}],"collection":[{"href":"https:\/\/nublo.tv\/index.php\/wp-json\/wp\/v2\/posts"}],"about":[{"href":"https:\/\/nublo.tv\/index.php\/wp-json\/wp\/v2\/types\/post"}],"author":[{"embeddable":true,"href":"https:\/\/nublo.tv\/index.php\/wp-json\/wp\/v2\/users\/16"}],"replies":[{"embeddable":true,"href":"https:\/\/nublo.tv\/index.php\/wp-json\/wp\/v2\/comments?post=154"}],"version-history":[{"count":1,"href":"https:\/\/nublo.tv\/index.php\/wp-json\/wp\/v2\/posts\/154\/revisions"}],"predecessor-version":[{"id":419,"href":"https:\/\/nublo.tv\/index.php\/wp-json\/wp\/v2\/posts\/154\/revisions\/419"}],"wp:featuredmedia":[{"embeddable":true,"href":"https:\/\/nublo.tv\/index.php\/wp-json\/wp\/v2\/media\/155"}],"wp:attachment":[{"href":"https:\/\/nublo.tv\/index.php\/wp-json\/wp\/v2\/media?parent=154"}],"wp:term":[{"taxonomy":"category","embeddable":true,"href":"https:\/\/nublo.tv\/index.php\/wp-json\/wp\/v2\/categories?post=154"},{"taxonomy":"post_tag","embeddable":true,"href":"https:\/\/nublo.tv\/index.php\/wp-json\/wp\/v2\/tags?post=154"}],"curies":[{"name":"wp","href":"https:\/\/api.w.org\/{rel}","templated":true}]}}