{"id":156,"date":"2026-08-04T17:19:27","date_gmt":"2026-08-04T16:19:27","guid":{"rendered":"https:\/\/nublo.tv\/?p=156"},"modified":"2026-08-04T17:19:27","modified_gmt":"2026-08-04T16:19:27","slug":"el-ayuntamiento-eleva-a-alerta-maxima-el-riesgo-de-incendios-forestales","status":"publish","type":"post","link":"https:\/\/nublo.tv\/index.php\/2026\/08\/04\/el-ayuntamiento-eleva-a-alerta-maxima-el-riesgo-de-incendios-forestales\/","title":{"rendered":"El Ayuntamiento eleva a alerta m\u00e1xima el riesgo de incendios forestales"},"content":{"rendered":"<p>Esta actualizaci\u00f3n responde a la previsi\u00f3n de un episodio de altas temperaturas de varios d\u00edas de duraci\u00f3n, que vendr\u00e1 acompa\u00f1ado de una inversi\u00f3n t\u00e9rmica baja situada a partir de los 400 metros de altitud<\/p>\n<p>Las Palmas de Gran Canaria, 3 de agosto de 2026.- El Ayuntamiento de Las Palmas de Gran Canaria, a trav\u00e9s del Servicio de Seguridad y Emergencias de la Concejal\u00eda de Seguridad, Convivencia y Cultura, ha actualizado desde las 11:00 horas de este lunes la situaci\u00f3n de alerta por riesgo de incendios forestales, que pasa de alerta a alerta m\u00e1xima, siguiendo las instrucciones de la Direcci\u00f3n General de Emergencias del Gobierno de Canarias. Asimismo, el Consistorio mantiene activa la alerta m\u00e1xima por altas temperaturas, vigente desde el pasado 30 de julio. Esta actualizaci\u00f3n responde a la previsi\u00f3n de un episodio de altas temperaturas de varios d\u00edas de duraci\u00f3n, que vendr\u00e1 acompa\u00f1ado de una inversi\u00f3n t\u00e9rmica baja situada a partir de los 400 metros de altitud, lo que favorecer\u00e1 un ambiente c\u00e1lido y seco en las median\u00edas y zonas altas de la isla.\u00a0<br \/>El Ayuntamiento mantendr\u00e1 activado el Plan de Emergencias Municipal de Las Palmas de Gran Canaria (PEMULPA) para atender cualquier tipo de emergencia que pueda producirse como consecuencia de ambas situaciones.<br \/>Se prev\u00e9 que los term\u00f3metros puedan superar localmente los 40 grados cent\u00edgrados en la cuenca de Tejeda y en las median\u00edas del sureste y del oeste de Gran Canaria. Adem\u00e1s, la entrada de aire africano podr\u00e1 venir acompa\u00f1ada de calima d\u00e9bil, sin que inicialmente se esperen concentraciones significativas de polvo en superficie.<br \/>Estas condiciones propiciar\u00e1n el establecimiento de una masa de aire c\u00e1lido y seco sobre las median\u00edas y zonas forestales, con humedades relativas inferiores al 30% por encima de la inversi\u00f3n t\u00e9rmica. Asimismo, predominar\u00e1 el viento del nordeste, de intensidad moderada, con intervalos localmente fuertes y aceleraciones en zonas expuestas y canales interinsulares, un factor que continuar\u00e1 siendo objeto de seguimiento por su posible incidencia en la propagaci\u00f3n de incendios forestales.<br \/>Los distintos modelos y productos meteorol\u00f3gicos analizados apuntan a un incremento progresivo del riesgo de incendio forestal durante los pr\u00f3ximos d\u00edas, especialmente este lunes, por lo que la situaci\u00f3n permanecer\u00e1 bajo seguimiento permanente y podr\u00e1 actualizarse en funci\u00f3n de la evoluci\u00f3n de las predicciones meteorol\u00f3gicas y de los \u00edndices de riesgo establecidos por la AEMET y el Gobierno de Canarias.<br \/>El Ayuntamiento capitalino pide a la ciudadan\u00eda que extreme las precauciones mientras permanezca esta situaci\u00f3n de alerta para evitar los riesgos asociados a las altas temperaturas y al elevado peligro de incendios forestales.<br \/>En este sentido, recomienda mantener limpias las parcelas y el entorno de las viviendas, eliminando vegetaci\u00f3n seca y otros materiales combustibles, as\u00ed como almacenar la le\u00f1a, bombonas de gas y otros productos inflamables en lugares seguros y alejados de las edificaciones.<br \/>Asimismo, recuerda que est\u00e1 prohibido hacer fuego sin autorizaci\u00f3n y desaconseja el uso de maquinaria que pueda generar chispas, como desbrozadoras, motosierras, amoladoras o equipos de soldadura, en zonas forestales o pr\u00f3ximas a ellas. Tambi\u00e9n insiste en la importancia de no arrojar colillas, cerillas, vidrios ni ning\u00fan otro residuo al monte y de respetar los senderos y zonas habilitadas.<br \/>En caso de detectar un incendio, la ciudadan\u00eda debe avisar inmediatamente al 1-1-2, facilitar la ubicaci\u00f3n del fuego y seguir en todo momento las indicaciones de los servicios de emergencia. Si fuera necesario evacuar una vivienda, es fundamental hacerlo de forma ordenada y \u00fanicamente cuando as\u00ed lo indiquen los equipos de intervenci\u00f3n, cerrando previamente las llaves de paso del gas y los combustibles, as\u00ed como puertas y ventanas.<br \/>El Consistorio recuerda, adem\u00e1s, la importancia de mantenerse informado a trav\u00e9s de los canales oficiales y de evitar cualquier conducta que pueda incrementar el riesgo de incendio mientras permanezca activa la alerta m\u00e1xima.<br \/>La alerta supone la constituci\u00f3n como Centro de Coordinaci\u00f3n Operativa Municipal (CECOPAL) en el CEMELPA sito en C\/ Tunerillas n.\u00ba 1, as\u00ed como el establecimiento de los sistemas de comunicaci\u00f3n con el CECOES 1-1-2 y con el CECOPIN que pudieran establecerse.<\/p>\n<p><a href=\"\/export\/sites\/laspalmasgc\/.galleries\/documentos-noticias\/AUTOPROTECCION-RIESGO-DE-INCENDIOS-FORESTALES.pdf\" target=\"_blank\" rel=\"noopener\">AUTOPROTECCI\u00d3N RIESGO DE INCENDIOS FORESTALES<\/a><\/p>\n<p><a href=\"\/export\/sites\/laspalmasgc\/.galleries\/documentos-noticias\/AUTOPROTECCION-INCENDIOS-FORESTALES-NUCLEOS-DISEMINADOS.pdf\" target=\"_blank\" rel=\"noopener\">AUTOPROTECCI\u00d3N INCENDIOS FORESTALES N\u00daCLEOS DISEMINADOS<\/a><\/p>\n","protected":false},"excerpt":{"rendered":"<p>Esta actualizaci\u00f3n responde a la previsi\u00f3n de un episodio de altas temperaturas de varios d\u00edas de duraci\u00f3n, que vendr\u00e1 acompa\u00f1ado de una inversi\u00f3n t\u00e9rmica baja situada a partir de los&hellip;<\/p>\n","protected":false},"author":16,"featured_media":157,"comment_status":"open","ping_status":"open","sticky":false,"template":"","format":"standard","meta":{"wpai_generated_summary":"","wpai_meta_description":"","footnotes":""},"categories":[132],"tags":[],"class_list":["post-156","post","type-post","status-publish","format-standard","has-post-thumbnail","hentry","category-ayuntamiento-de-las-palmas-de-gran-canaria"],"_links":{"self":[{"href":"https:\/\/nublo.tv\/index.php\/wp-json\/wp\/v2\/posts\/156","targetHints":{"allow":["GET"]}}],"collection":[{"href":"https:\/\/nublo.tv\/index.php\/wp-json\/wp\/v2\/posts"}],"about":[{"href":"https:\/\/nublo.tv\/index.php\/wp-json\/wp\/v2\/types\/post"}],"author":[{"embeddable":true,"href":"https:\/\/nublo.tv\/index.php\/wp-json\/wp\/v2\/users\/16"}],"replies":[{"embeddable":true,"href":"https:\/\/nublo.tv\/index.php\/wp-json\/wp\/v2\/comments?post=156"}],"version-history":[{"count":1,"href":"https:\/\/nublo.tv\/index.php\/wp-json\/wp\/v2\/posts\/156\/revisions"}],"predecessor-version":[{"id":420,"href":"https:\/\/nublo.tv\/index.php\/wp-json\/wp\/v2\/posts\/156\/revisions\/420"}],"wp:featuredmedia":[{"embeddable":true,"href":"https:\/\/nublo.tv\/index.php\/wp-json\/wp\/v2\/media\/157"}],"wp:attachment":[{"href":"https:\/\/nublo.tv\/index.php\/wp-json\/wp\/v2\/media?parent=156"}],"wp:term":[{"taxonomy":"category","embeddable":true,"href":"https:\/\/nublo.tv\/index.php\/wp-json\/wp\/v2\/categories?post=156"},{"taxonomy":"post_tag","embeddable":true,"href":"https:\/\/nublo.tv\/index.php\/wp-json\/wp\/v2\/tags?post=156"}],"curies":[{"name":"wp","href":"https:\/\/api.w.org\/{rel}","templated":true}]}}