{"id":158,"date":"2026-08-04T17:19:27","date_gmt":"2026-08-04T16:19:27","guid":{"rendered":"https:\/\/nublo.tv\/?p=158"},"modified":"2026-08-04T17:19:27","modified_gmt":"2026-08-04T16:19:27","slug":"vamos-de-cine-cierra-su-segunda-edicion-en-la-plaza-del-pilar","status":"publish","type":"post","link":"https:\/\/nublo.tv\/index.php\/2026\/08\/04\/vamos-de-cine-cierra-su-segunda-edicion-en-la-plaza-del-pilar\/","title":{"rendered":"\u00abVamos de cine\u00bb cierra su segunda edici\u00f3n en la plaza del Pilar"},"content":{"rendered":"<p>Grease, Rocketman o Sing Street son las tres propuestas entre las que el p\u00fablico puede votar a trav\u00e9s de lpacultura.com hasta este viernes 7 de agosto para decidir qu\u00e9 pel\u00edcula se proyectar\u00e1 en la \u00faltima sesi\u00f3n del s\u00e1bado 8<\/p>\n<p>El t\u00edtulo seleccionado ir\u00e1 precedido del corto de la cineasta canaria Cayetana Cuy\u00e1s: Agatha Christie estuvo aqu\u00ed<\/p>\n<p>El coraz\u00f3n de Guanarteme acoger\u00e1 otra doble cita cinematogr\u00e1fica el viernes 7 para la que se ha programado el visionado de Coco y Bohemian Rhapsody<\/p>\n<p>La gran pantalla del ciclo veraniego pasar\u00e1 tambi\u00e9n el jueves 6 por los Jardines de Buenavista de Escaleritas en los que se podr\u00e1 disfrutar de dos t\u00edtulos familiares: Robot salvaje y Cortocircuito<\/p>\n<p>El acceso siempre ser\u00e1 libre hasta completar el aforo<\/p>\n<p>Las Palmas de Gran Canaria, lunes 3 de agosto de 2026. La segunda edici\u00f3n de \u00abVamos de cine\u00bb llega a su final este s\u00e1bado 8 de agosto en la plaza del Pilar con una \u00faltima sesi\u00f3n que proyectar\u00e1 Grease, Rocketman o Sing Street. La decisi\u00f3n queda en manos del propio p\u00fablico quien, hasta este viernes 7, podr\u00e1 votar entre uno de estos tres t\u00edtulos a trav\u00e9s de lpacultura.com.<br \/>Las personas que participen en la votaci\u00f3n entrar\u00e1n, a su vez, en un sorteo de 10 entradas dobles para disfrutar de las pr\u00f3ximas citas de \u00abEfecto cinema\u00bb.<br \/>La pel\u00edcula seleccionada llegar\u00e1 a la gran pantalla a las 21:00 horas, precedida del corto de la cineasta canaria Cayetana Cuy\u00e1s, Agatha Christie estuvo aqu\u00ed. Ambas proyecciones llegar\u00e1n justo despu\u00e9s de que Lilo &amp; Stich sumerjan a los m\u00e1s chiquitines y las m\u00e1s chiquitinas en sus alocadas aventuras a partir de las siete de la tarde.<br \/>Antes del s\u00e1bado, el coraz\u00f3n del barrio de Guanarteme acoger\u00e1 otra jornada cinematogr\u00e1fica al aire libre, la del viernes 7, que arrancar\u00e1 nuevamente con una propuesta familiar: Coco. El valiente cantante dar\u00e1 paso a Freddie Mercury, cuya vida podr\u00e1 conocerse en mayor profundidad en Bohemian Rhapsody.<br \/>Asimismo, para este jueves 6 de agosto se han programado otras dos proyecciones que tendr\u00e1n lugar en el barrio de Escaleritas. Concretamente, ser\u00e1n en los Jardines de Buenavista donde, a partir de las 19:00 horas, se podr\u00e1 disfrutar del visionado de Robot salvaje. Una tierna historia animada de resiliencia y amistad a la que seguir\u00e1 la comedia de ciencia ficci\u00f3n protagonizada por Johnny 5, el prototipo de robot con inteligencia artificial que da vida a Cortocircuito.<br \/>\u00abVamos de cine\u00bb finalizar\u00e1 este s\u00e1bado tras pasar por una docena de barrios de los cinco distritos de Las Palmas de Gran Canaria entre los que se han proyectado m\u00e1s de una veintena de largometrajes, adem\u00e1s de una selecci\u00f3n de cortometrajes de animaci\u00f3n infantil y obras de cineastas canarios y canarias.<\/p>\n","protected":false},"excerpt":{"rendered":"<p>Grease, Rocketman o Sing Street son las tres propuestas entre las que el p\u00fablico puede votar a trav\u00e9s de lpacultura.com hasta este viernes 7 de agosto para decidir qu\u00e9 pel\u00edcula&hellip;<\/p>\n","protected":false},"author":16,"featured_media":159,"comment_status":"open","ping_status":"open","sticky":false,"template":"","format":"standard","meta":{"wpai_generated_summary":"","wpai_meta_description":"","footnotes":""},"categories":[132],"tags":[],"class_list":["post-158","post","type-post","status-publish","format-standard","has-post-thumbnail","hentry","category-ayuntamiento-de-las-palmas-de-gran-canaria"],"_links":{"self":[{"href":"https:\/\/nublo.tv\/index.php\/wp-json\/wp\/v2\/posts\/158","targetHints":{"allow":["GET"]}}],"collection":[{"href":"https:\/\/nublo.tv\/index.php\/wp-json\/wp\/v2\/posts"}],"about":[{"href":"https:\/\/nublo.tv\/index.php\/wp-json\/wp\/v2\/types\/post"}],"author":[{"embeddable":true,"href":"https:\/\/nublo.tv\/index.php\/wp-json\/wp\/v2\/users\/16"}],"replies":[{"embeddable":true,"href":"https:\/\/nublo.tv\/index.php\/wp-json\/wp\/v2\/comments?post=158"}],"version-history":[{"count":1,"href":"https:\/\/nublo.tv\/index.php\/wp-json\/wp\/v2\/posts\/158\/revisions"}],"predecessor-version":[{"id":429,"href":"https:\/\/nublo.tv\/index.php\/wp-json\/wp\/v2\/posts\/158\/revisions\/429"}],"wp:featuredmedia":[{"embeddable":true,"href":"https:\/\/nublo.tv\/index.php\/wp-json\/wp\/v2\/media\/159"}],"wp:attachment":[{"href":"https:\/\/nublo.tv\/index.php\/wp-json\/wp\/v2\/media?parent=158"}],"wp:term":[{"taxonomy":"category","embeddable":true,"href":"https:\/\/nublo.tv\/index.php\/wp-json\/wp\/v2\/categories?post=158"},{"taxonomy":"post_tag","embeddable":true,"href":"https:\/\/nublo.tv\/index.php\/wp-json\/wp\/v2\/tags?post=158"}],"curies":[{"name":"wp","href":"https:\/\/api.w.org\/{rel}","templated":true}]}}