{"id":160,"date":"2026-08-04T17:32:54","date_gmt":"2026-08-04T16:32:54","guid":{"rendered":"https:\/\/nublo.tv\/?p=160"},"modified":"2026-08-04T17:32:54","modified_gmt":"2026-08-04T16:32:54","slug":"carolina-darias-reivindica-la-historia-la-memoria-y-el-compromiso-del-pueblo-de-san-lorenzo-en-el-pregon-de-las-fiestas","status":"publish","type":"post","link":"https:\/\/nublo.tv\/index.php\/2026\/08\/04\/carolina-darias-reivindica-la-historia-la-memoria-y-el-compromiso-del-pueblo-de-san-lorenzo-en-el-pregon-de-las-fiestas\/","title":{"rendered":"Carolina Darias reivindica la historia, la memoria y el compromiso del pueblo de San Lorenzo en el preg\u00f3n de las Fiestas"},"content":{"rendered":"<p>La alcaldesa recorre durante su preg\u00f3n la evoluci\u00f3n de unas celebraciones con m\u00e1s de 160 a\u00f1os de historia y rinde homenaje a las generaciones de vecinos y vecinas que han mantenido viva una de las tradiciones m\u00e1s arraigadas de Las Palmas de Gran Canaria<\/p>\n<p>El primer fin de semana del programa incluye la Romer\u00eda-Ofrenda, la Noche Canaria, la Muestra de Artesan\u00eda Tasate y el Memorial Antonio Martel y Lorenzo Su\u00e1rez<\/p>\n<p>Las Palmas de Gran Canaria, 31 de julio de 2026. La alcaldesa de Las Palmas de Gran Canaria, Carolina Darias, dio este viernes el preg\u00f3n de las Fiestas de San Lorenzo 2026, declaradas Fiestas de la Ciudad y Fiesta de Inter\u00e9s Tur\u00edstico de Canarias, con un emotivo recorrido por la historia del pueblo, un reconocimiento a las personas que han hecho posible mantener viva esta celebraci\u00f3n durante generaciones y un repaso a los recuerdos personales que la unen desde hace d\u00e9cadas a este enclave de la ciudad.\u00a0<br \/>Al preg\u00f3n asistieron la concejala de Fiestas, Betsaida Gonz\u00e1lez; la concejala del Distrito Tamaraceite-San Lorenzo-Tenoya, Esther Mart\u00edn; el concejal de Gobierno del \u00c1rea de Desarrollo Local, Transporte Colectivo de Viajeros, Solidaridad, Turismo y Ciudad de Mar, Pedro Quevedo Iturbe; la concejala de Gobierno del \u00c1rea de Desarrollo Estrat\u00e9gico, Sostenibilidad y Energ\u00eda, Parques y Sector Primario, Gemma Mart\u00ednez Soli\u00f1o; el presidente de la Comisi\u00f3n de Fiestas de San Lorenzo, Jos\u00e9 Garc\u00eda; adem\u00e1s de representantes de la corporaci\u00f3n municipal, miembros de la Comisi\u00f3n de Fiestas y numerosos vecinos y vecinas. El acto, celebrado en la plaza de San Lorenzo, estuvo precedido desde las 18:00 horas por el tradicional pasacalles anunciador con la Banda Aborigen, que recorri\u00f3 las calles del pueblo anunciando el inicio de las fiestas. La pregonera de la pasada edici\u00f3n, Yasmina Pereira, fue la encargada de ceder la palabra a la alcaldesa.<br \/>Darias abri\u00f3 su intervenci\u00f3n con unos versos del poeta grancanario Tom\u00e1s Morales para dar paso a un preg\u00f3n centrado en el recuerdo, la tradici\u00f3n y el sentimiento de pertenencia a un pueblo que, seg\u00fan afirm\u00f3, ha sabido \u201cseguir siendo lo que siempre fue sin perder la identidad por los nuevos tiempos, reivindicando con orgullo lo que fue para mostrar lo que es y seguir siendo referencia de ilusi\u00f3n, de compromiso y de futuro\u201d.<br \/>La alcaldesa realiz\u00f3 un recorrido por la evoluci\u00f3n hist\u00f3rica de San Lorenzo, desde el antiguo Lugarejo hasta la actualidad, recordando que el pueblo fue lugar de paso, pero sobre todo de acogida, y evocando las primeras referencias documentales a sus fiestas, ya recogidas por el peri\u00f3dico \u2018El Pa\u00eds\u2019 en 1865 y 1867. Tambi\u00e9n record\u00f3 c\u00f3mo, m\u00e1s de 160 a\u00f1os despu\u00e9s, las Fiestas de San Lorenzo, reconocidas como Fiestas de la Ciudad, siguen siendo una de las principales expresiones del patrimonio cultural y popular de Las Palmas de Gran Canaria.<br \/>Durante el preg\u00f3n, Darias dedic\u00f3 una parte importante de su intervenci\u00f3n a reconocer el trabajo de quienes, generaci\u00f3n tras generaci\u00f3n, han hecho posible estas celebraciones. En este sentido, record\u00f3 la creaci\u00f3n de la primera comisi\u00f3n de festejos en 1889 y destac\u00f3 la labor desarrollada desde entonces por centenares de vecinos y vecinas que han contribuido a engrandecer las fiestas hasta convertirlas en un referente para toda Gran Canaria.<br \/>La alcaldesa tuvo palabras de reconocimiento para la actual Comisi\u00f3n de Fiestas, presidida por Jos\u00e9 Garc\u00eda, destacando sus 139 a\u00f1os de historia y el trabajo colectivo que ha permitido que \u201cestas celebraciones ocupen un lugar tan destacado en nuestras vidas\u201d. Asimismo, defini\u00f3 a San Lorenzo como \u201cejemplo y referencia para toda la ciudad\u201d, agradeciendo el esfuerzo de todas las personas que han hecho posible mantener vivas sus tradiciones.<br \/>El homenaje de la alcaldesa se dirigi\u00f3 tambi\u00e9n a quienes han sostenido la vida cotidiana del pueblo y de sus fiestas desde el anonimato. Record\u00f3 a sus amistades de San Lorenzo, pero tambi\u00e9n quiso reconocer expresamente a quienes defini\u00f3 como \u201cel alma de esta celebraci\u00f3n\u201d, las trabajadoras de la cocina y el comedor del Colegio San Lorenzo, adem\u00e1s de recordar con especial cari\u00f1o a Otilia, madre de Xili, y a Lalita, Pinito Guzm\u00e1n y Evita por su dedicaci\u00f3n a la iglesia.<br \/>Darias evoc\u00f3 igualmente otras personas que han dejado huella en la historia de las fiestas, como las costureras Marinita y Lolita, que confeccionaban la ropa para estrenar el d\u00eda del Santo, as\u00ed como los hist\u00f3ricos coros parroquiales y el coro Alzakra, fundado en los a\u00f1os setenta, protagonistas durante d\u00e9cadas de la vida cultural y religiosa del pueblo.<br \/>El preg\u00f3n estuvo marcado tambi\u00e9n por un tono profundamente personal. La alcaldesa record\u00f3 c\u00f3mo su relaci\u00f3n con San Lorenzo ha acompa\u00f1ado algunos de los momentos m\u00e1s importantes de su vida y afirm\u00f3 que \u201cesta celebraci\u00f3n va unida a las gentes de este pueblo y a los momentos importantes en mi vida\u201d.\u00a0<br \/>Darias tambi\u00e9n invit\u00f3 a vecinos, vecinas y visitantes a disfrutar de unas fiestas que defini\u00f3 como un espacio de concordia, esperanza y convivencia. \u201cLes convoco a la fiesta de la concordia, a la fiesta de la esperanza, a la fiesta de la utop\u00eda, a la fiesta de lo posible y de lo imposible. A la fiesta de la vida\u201d, afirm\u00f3, antes de hacer un llamamiento a construir \u201cuna vida nueva y mejor para todos\u201d como \u201cproyecto \u00e9tico individual, colectivo e institucional\u201d. La alcaldesa concluy\u00f3 su preg\u00f3n proclamando: \u201c\u00a1Qu\u00e9 empiece la fiesta! \u00a1Que viva San Lorenzo! \u00a1Que viva Las Palmas de Gran Canaria!\u201d.<br \/>Tras el preg\u00f3n, la plaza de San Lorenzo acogi\u00f3 la tradicional Noche Latina, protagonizada por el grupo La Trova, poniendo el broche musical a la jornada inaugural de las Fiestas de San Lorenzo 2026.<br \/>Un amplio programa de fiestas<br \/>Las Fiestas de San Lorenzo continuar\u00e1n hasta el 16 de agosto con un amplio programa de actividades culturales, musicales, tradicionales y religiosas.<br \/>Entre las citas m\u00e1s destacadas figura el Merengue Fest, el viernes 7 de agosto, con las actuaciones del Grupo Arena, Furia Joven y Armon\u00eda Show; la Gran Gala Drag Queen, el s\u00e1bado 8 de agosto, presentada por Yanely Hern\u00e1ndez; y la Gran Quema de Fuegos Artificiales y el Volc\u00e1n de Voladores, en la madrugada del 9 al 10 de agosto, declarada Fiesta de Inter\u00e9s Tur\u00edstico de Canarias y considerada uno de los espect\u00e1culos pirot\u00e9cnicos m\u00e1s emblem\u00e1ticos del Archipi\u00e9lago.<br \/>El D\u00eda Grande de San Lorenzo, el 10 de agosto, reunir\u00e1 la Feria de Ganado, la Solemne Funci\u00f3n Religiosa y la tradicional procesi\u00f3n del Santo Patr\u00f3n por las calles del pueblo, adem\u00e1s de la Gran Gala de San Lorenzo, en la que se entregar\u00e1n las distinciones honor\u00edficas de la Comisi\u00f3n de Fiestas.<br \/>La programaci\u00f3n incluye tambi\u00e9n la Noche Latina del 14 de agosto, con el concierto de Tutto Dur\u00e1n y el espect\u00e1culo \u2018Un paseo por las estrellas\u2019; la festividad de la Bienaventurada Virgen del Buen Suceso, el 15 de agosto, con su procesi\u00f3n y una verbena; as\u00ed como encuentros folcl\u00f3ricos, actividades infantiles, jornadas culturales, conciertos, muestras de artesan\u00eda y propuestas dirigidas a todos los p\u00fablicos.<br \/>El programa completo de las Fiestas de San Lorenzo puede consultarse en el siguiente enlace: <a href=\"\/export\/sites\/laspalmasgc\/.galleries\/documentos-noticias\/280726sanlorenzo.pdf\" target=\"_blank\" rel=\"noopener\">https:\/\/www.laspalmasgc.es\/export\/sites\/laspalmasgc\/.galleries\/documentos-noticias\/280726sanlorenzo.pdf<\/a>.\u00a0<\/p>\n","protected":false},"excerpt":{"rendered":"<p>La alcaldesa recorre durante su preg\u00f3n la evoluci\u00f3n de unas celebraciones con m\u00e1s de 160 a\u00f1os de historia y rinde homenaje a las generaciones de vecinos y vecinas que han&hellip;<\/p>\n","protected":false},"author":16,"featured_media":161,"comment_status":"open","ping_status":"open","sticky":false,"template":"","format":"standard","meta":{"wpai_generated_summary":"","wpai_meta_description":"","footnotes":""},"categories":[132],"tags":[],"class_list":["post-160","post","type-post","status-publish","format-standard","has-post-thumbnail","hentry","category-ayuntamiento-de-las-palmas-de-gran-canaria"],"_links":{"self":[{"href":"https:\/\/nublo.tv\/index.php\/wp-json\/wp\/v2\/posts\/160","targetHints":{"allow":["GET"]}}],"collection":[{"href":"https:\/\/nublo.tv\/index.php\/wp-json\/wp\/v2\/posts"}],"about":[{"href":"https:\/\/nublo.tv\/index.php\/wp-json\/wp\/v2\/types\/post"}],"author":[{"embeddable":true,"href":"https:\/\/nublo.tv\/index.php\/wp-json\/wp\/v2\/users\/16"}],"replies":[{"embeddable":true,"href":"https:\/\/nublo.tv\/index.php\/wp-json\/wp\/v2\/comments?post=160"}],"version-history":[{"count":1,"href":"https:\/\/nublo.tv\/index.php\/wp-json\/wp\/v2\/posts\/160\/revisions"}],"predecessor-version":[{"id":461,"href":"https:\/\/nublo.tv\/index.php\/wp-json\/wp\/v2\/posts\/160\/revisions\/461"}],"wp:featuredmedia":[{"embeddable":true,"href":"https:\/\/nublo.tv\/index.php\/wp-json\/wp\/v2\/media\/161"}],"wp:attachment":[{"href":"https:\/\/nublo.tv\/index.php\/wp-json\/wp\/v2\/media?parent=160"}],"wp:term":[{"taxonomy":"category","embeddable":true,"href":"https:\/\/nublo.tv\/index.php\/wp-json\/wp\/v2\/categories?post=160"},{"taxonomy":"post_tag","embeddable":true,"href":"https:\/\/nublo.tv\/index.php\/wp-json\/wp\/v2\/tags?post=160"}],"curies":[{"name":"wp","href":"https:\/\/api.w.org\/{rel}","templated":true}]}}