{"id":162,"date":"2026-08-04T17:32:54","date_gmt":"2026-08-04T16:32:54","guid":{"rendered":"https:\/\/nublo.tv\/?p=162"},"modified":"2026-08-04T17:32:54","modified_gmt":"2026-08-04T16:32:54","slug":"el-ayuntamiento-continua-la-proxima-semana-los-trabajos-de-asfaltado-en-alcaravaneras","status":"publish","type":"post","link":"https:\/\/nublo.tv\/index.php\/2026\/08\/04\/el-ayuntamiento-continua-la-proxima-semana-los-trabajos-de-asfaltado-en-alcaravaneras\/","title":{"rendered":"El Ayuntamiento contin\u00faa la pr\u00f3xima semana los trabajos de asfaltado en Alcaravaneras"},"content":{"rendered":"<p>Las labores se desarrollar\u00e1n en las calles Alemania, Valencia y Luis Ant\u00fanez a partir del lunes, 3 de agosto, en horario diurno, de 7:00 a 19:00 horas, y conllevar\u00e1n cortes din\u00e1micos de tr\u00e1fico en distintas calles del barrio<\/p>\n<p>Las Palmas de Gran Canaria, 31 de julio de 2026. El Ayuntamiento de Las Palmas de Gran Canaria, a trav\u00e9s de la Concejal\u00eda de V\u00edas y Obras y Alumbrado, continuar\u00e1 durante la pr\u00f3xima semana los trabajos de repavimentaci\u00f3n de calzadas en el barrio de Alcaravaneras, dentro del proyecto de mejora del firme que se est\u00e1 desarrollando en este barrio de la ciudad.<br \/>Las labores se realizar\u00e1n en horario diurno, de 7:00 a 19:00 horas, y conllevar\u00e1n cortes din\u00e1micos de tr\u00e1fico en los tramos afectados, que se ir\u00e1n adaptando al avance y rendimiento de los trabajos. Asimismo, se mantendr\u00e1n las ocupaciones de la v\u00eda que resulten necesarias para completar la se\u00f1alizaci\u00f3n horizontal.<br \/>La programaci\u00f3n prevista para la pr\u00f3xima semana contempla la continuaci\u00f3n de los trabajos en las calles Valencia y continuar\u00e1n posteriormente en las v\u00edas Alemania y Luis Ant\u00fanez.<br \/>El concejal de V\u00edas y Obras y Alumbrado, Carlos D\u00edaz, ha se\u00f1alado que \u201cseguimos avanzando en la renovaci\u00f3n del viario de Alcaravaneras con una planificaci\u00f3n por fases que nos permite intervenir de manera ordenada y minimizar las afecciones al tr\u00e1fico. As\u00ed, esta semana procederemos a asfaltar tres de las principales arterias de este barrio\u201d.<br \/>Estas actuaciones forman parte del proyecto de repavimentaci\u00f3n que el Ayuntamiento est\u00e1 desarrollando en Alcaravaneras para renovar el pavimento, mejorar las condiciones de circulaci\u00f3n y seguir modernizando el viario del barrio.<br \/>Asimismo, esta intervenci\u00f3n se integra en una actuaci\u00f3n m\u00e1s amplia que incluye tambi\u00e9n trabajos en Escaleritas y Guanarteme, con una inversi\u00f3n global de 2,89 millones de euros destinada a la mejora de calles y espacios viarios en distintos puntos de la ciudad.<br \/>Renovaci\u00f3n del viario en toda la ciudad<br \/>El Plan de Asfaltado 2024-2031 permitir\u00e1 actuar en 474 calles del municipio, con una inversi\u00f3n de 40 millones de euros, con el objetivo de seguir modernizando la red viaria y mejorar las condiciones de circulaci\u00f3n en los distintos barrios de la ciudad.<br \/>Hasta el momento, el Ayuntamiento ha asfaltado o est\u00e1 renovando el firme en m\u00e1s de un centenar de calles del municipio y continuar\u00e1 extendiendo estas actuaciones a nuevos puntos de la ciudad.<\/p>\n","protected":false},"excerpt":{"rendered":"<p>Las labores se desarrollar\u00e1n en las calles Alemania, Valencia y Luis Ant\u00fanez a partir del lunes, 3 de agosto, en horario diurno, de 7:00 a 19:00 horas, y conllevar\u00e1n cortes&hellip;<\/p>\n","protected":false},"author":16,"featured_media":163,"comment_status":"open","ping_status":"open","sticky":false,"template":"","format":"standard","meta":{"wpai_generated_summary":"","wpai_meta_description":"","footnotes":""},"categories":[132],"tags":[],"class_list":["post-162","post","type-post","status-publish","format-standard","has-post-thumbnail","hentry","category-ayuntamiento-de-las-palmas-de-gran-canaria"],"_links":{"self":[{"href":"https:\/\/nublo.tv\/index.php\/wp-json\/wp\/v2\/posts\/162","targetHints":{"allow":["GET"]}}],"collection":[{"href":"https:\/\/nublo.tv\/index.php\/wp-json\/wp\/v2\/posts"}],"about":[{"href":"https:\/\/nublo.tv\/index.php\/wp-json\/wp\/v2\/types\/post"}],"author":[{"embeddable":true,"href":"https:\/\/nublo.tv\/index.php\/wp-json\/wp\/v2\/users\/16"}],"replies":[{"embeddable":true,"href":"https:\/\/nublo.tv\/index.php\/wp-json\/wp\/v2\/comments?post=162"}],"version-history":[{"count":1,"href":"https:\/\/nublo.tv\/index.php\/wp-json\/wp\/v2\/posts\/162\/revisions"}],"predecessor-version":[{"id":462,"href":"https:\/\/nublo.tv\/index.php\/wp-json\/wp\/v2\/posts\/162\/revisions\/462"}],"wp:featuredmedia":[{"embeddable":true,"href":"https:\/\/nublo.tv\/index.php\/wp-json\/wp\/v2\/media\/163"}],"wp:attachment":[{"href":"https:\/\/nublo.tv\/index.php\/wp-json\/wp\/v2\/media?parent=162"}],"wp:term":[{"taxonomy":"category","embeddable":true,"href":"https:\/\/nublo.tv\/index.php\/wp-json\/wp\/v2\/categories?post=162"},{"taxonomy":"post_tag","embeddable":true,"href":"https:\/\/nublo.tv\/index.php\/wp-json\/wp\/v2\/tags?post=162"}],"curies":[{"name":"wp","href":"https:\/\/api.w.org\/{rel}","templated":true}]}}