{"id":164,"date":"2026-08-04T17:32:54","date_gmt":"2026-08-04T16:32:54","guid":{"rendered":"https:\/\/nublo.tv\/?p=164"},"modified":"2026-08-04T17:32:54","modified_gmt":"2026-08-04T16:32:54","slug":"el-pleno-reafirma-el-compromiso-de-las-palmas-de-gran-canaria-con-el-bienestar-animal-y-la-convivencia-ciudadana","status":"publish","type":"post","link":"https:\/\/nublo.tv\/index.php\/2026\/08\/04\/el-pleno-reafirma-el-compromiso-de-las-palmas-de-gran-canaria-con-el-bienestar-animal-y-la-convivencia-ciudadana\/","title":{"rendered":"El Pleno reafirma el compromiso de Las Palmas de Gran Canaria con el bienestar animal y la convivencia ciudadana"},"content":{"rendered":"<p>El acuerdo declarativo refuerza el compromiso institucional con el bienestar animal, la tenencia responsable y una convivencia respetuosa entre personas y animales de compa\u00f1\u00eda<br \/>Las Palmas de Gran Canaria, 31 de julio de 2026. El Pleno del Ayuntamiento de Las Palmas de Gran Canaria ha aprobado este viernes, en su sesi\u00f3n ordinaria del mes de julio, un acuerdo declarativo para avanzar en la declaraci\u00f3n del municipio como ciudad \u2018Pet-Friendly\u2019, una iniciativa que refuerza el compromiso institucional con el bienestar animal, la tenencia responsable y la adaptaci\u00f3n de los espacios p\u00fablicos a una realidad cada vez m\u00e1s presente en la sociedad.<br \/>El acuerdo, apoyado por todos los grupos excepto VOX, parte del reconocimiento del cambio producido en la relaci\u00f3n de la ciudadan\u00eda con los animales de compa\u00f1\u00eda, que forman parte de numerosas familias y desempe\u00f1an un papel relevante en el bienestar f\u00edsico, emocional y social de las personas. Asimismo, pone de manifiesto el incremento del n\u00famero de animales de compa\u00f1\u00eda en el municipio y la necesidad de que las administraciones p\u00fablicas respondan a esta realidad mediante pol\u00edticas que favorezcan una convivencia equilibrada.<br \/>El documento destaca el marco establecido por la Ley 7\/2023, de protecci\u00f3n de los derechos y el bienestar de los animales, que atribuye a las administraciones p\u00fablicas un papel activo en la promoci\u00f3n de la tenencia responsable y permite regular el acceso de los animales de compa\u00f1\u00eda a determinados edificios e instalaciones p\u00fablicas.<br \/>Con este acuerdo, el Ayuntamiento expresa su voluntad de avanzar hacia un modelo de convivencia \u2018Pet-Friendly\u2019, compatible con el respeto al espacio p\u00fablico, la seguridad, la higiene y el cumplimiento de la normativa vigente.<br \/>Entre las medidas contempladas figura la ratificaci\u00f3n del compromiso institucional con el bienestar animal y la convivencia ciudadana, as\u00ed como el refuerzo de las actuaciones dirigidas a garantizar el cumplimiento de las obligaciones de las personas propietarias o responsables de animales de compa\u00f1\u00eda, entre ellas el uso de correa en los espacios donde sea obligatorio, la correcta identificaci\u00f3n mediante microchip, el cumplimiento del calendario de vacunaci\u00f3n, la contrataci\u00f3n del seguro de responsabilidad civil en el caso de los perros y la recogida inmediata de las deyecciones.<br \/>Asimismo, el acuerdo prev\u00e9 revisar y mejorar progresivamente la se\u00f1alizaci\u00f3n informativa en edificios e instalaciones municipales y en las zonas de esparcimiento canino, con el fin de indicar de forma clara los espacios autorizados y las posibles limitaciones de acceso cuando existan razones t\u00e9cnicas, sanitarias o de seguridad.<br \/>La declaraci\u00f3n tambi\u00e9n contempla continuar desarrollando campa\u00f1as de sensibilizaci\u00f3n sobre tenencia responsable, civismo y convivencia con los animales de compa\u00f1\u00eda, adem\u00e1s de impulsar la modernizaci\u00f3n del censo municipal mediante herramientas digitales que faciliten los tr\u00e1mites a la ciudadan\u00eda y mejoren la comunicaci\u00f3n entre la administraci\u00f3n y las personas propietarias.<br \/>Igualmente, el Ayuntamiento continuar\u00e1 avanzando en la mejora de los parques y \u00e1reas de esparcimiento canino de la ciudad, promoviendo su adaptaci\u00f3n progresiva y el uso de materiales sostenibles que contribuyan tanto al bienestar de los animales como a la sostenibilidad urbana.<br \/>Con este acuerdo declarativo, Las Palmas de Gran Canaria reafirma su compromiso con un modelo de ciudad que promueve el bienestar animal, la convivencia ciudadana y el uso responsable del espacio p\u00fablico, favoreciendo un entorno m\u00e1s amable, accesible y respetuoso para todas las personas y sus animales de compa\u00f1\u00eda.<\/p>\n","protected":false},"excerpt":{"rendered":"<p>El acuerdo declarativo refuerza el compromiso institucional con el bienestar animal, la tenencia responsable y una convivencia respetuosa entre personas y animales de compa\u00f1\u00edaLas Palmas de Gran Canaria, 31 de&hellip;<\/p>\n","protected":false},"author":16,"featured_media":165,"comment_status":"open","ping_status":"open","sticky":false,"template":"","format":"standard","meta":{"wpai_generated_summary":"","wpai_meta_description":"","footnotes":""},"categories":[132],"tags":[],"class_list":["post-164","post","type-post","status-publish","format-standard","has-post-thumbnail","hentry","category-ayuntamiento-de-las-palmas-de-gran-canaria"],"_links":{"self":[{"href":"https:\/\/nublo.tv\/index.php\/wp-json\/wp\/v2\/posts\/164","targetHints":{"allow":["GET"]}}],"collection":[{"href":"https:\/\/nublo.tv\/index.php\/wp-json\/wp\/v2\/posts"}],"about":[{"href":"https:\/\/nublo.tv\/index.php\/wp-json\/wp\/v2\/types\/post"}],"author":[{"embeddable":true,"href":"https:\/\/nublo.tv\/index.php\/wp-json\/wp\/v2\/users\/16"}],"replies":[{"embeddable":true,"href":"https:\/\/nublo.tv\/index.php\/wp-json\/wp\/v2\/comments?post=164"}],"version-history":[{"count":1,"href":"https:\/\/nublo.tv\/index.php\/wp-json\/wp\/v2\/posts\/164\/revisions"}],"predecessor-version":[{"id":463,"href":"https:\/\/nublo.tv\/index.php\/wp-json\/wp\/v2\/posts\/164\/revisions\/463"}],"wp:featuredmedia":[{"embeddable":true,"href":"https:\/\/nublo.tv\/index.php\/wp-json\/wp\/v2\/media\/165"}],"wp:attachment":[{"href":"https:\/\/nublo.tv\/index.php\/wp-json\/wp\/v2\/media?parent=164"}],"wp:term":[{"taxonomy":"category","embeddable":true,"href":"https:\/\/nublo.tv\/index.php\/wp-json\/wp\/v2\/categories?post=164"},{"taxonomy":"post_tag","embeddable":true,"href":"https:\/\/nublo.tv\/index.php\/wp-json\/wp\/v2\/tags?post=164"}],"curies":[{"name":"wp","href":"https:\/\/api.w.org\/{rel}","templated":true}]}}