{"id":166,"date":"2026-08-04T17:19:27","date_gmt":"2026-08-04T16:19:27","guid":{"rendered":"https:\/\/nublo.tv\/?p=166"},"modified":"2026-08-04T17:19:27","modified_gmt":"2026-08-04T16:19:27","slug":"recuperada-la-accesibilidad-en-el-tramo-las-goteras-la-matanza","status":"publish","type":"post","link":"https:\/\/nublo.tv\/index.php\/2026\/08\/04\/recuperada-la-accesibilidad-en-el-tramo-las-goteras-la-matanza\/","title":{"rendered":"Recuperada la accesibilidad en el tramo Las Goteras-La Matanza"},"content":{"rendered":"<p><strong>El Ayuntamiento de Santa Br\u00edgida<\/strong>, a trav\u00e9s de la <strong>Concejal\u00eda de V\u00edas y Obras<\/strong> que dirige el<strong> alcalde Jos\u00e9 Armengol,<\/strong> ha concluido los trabajos de reconstrucci\u00f3n del tramo de carretera situado en el Barranco de Las Goteras-La Matanza,<strong> recuperando la accesibilidad <\/strong>a una v\u00eda que permanec\u00eda interrumpida desde las intensas lluvias tras la Borrasca y que dej\u00f3 incomunicadas varias viviendas y explotaciones agr\u00edcolas, afectando especialmente a personas mayores y residentes con movilidad reducida.<\/p>\n<p>Con esta intervenci\u00f3n, el Consistorio ha recuperado el tramo correspondiente al t\u00e9rmino municipal de Santa Br\u00edgida, dando continuidad a la actuaci\u00f3n ejecutada previamente por el <strong>Ayuntamiento de Las Palmas de Gran Canaria<\/strong> y enlaz\u00e1ndola con la pista de tierra que contin\u00faa hacia el municipio de Telde. <\/p>\n<p>Por su parte, el <strong>Servicio de Infraestructura Rura<\/strong>l que dirige el <strong>consejero del Cabildo de Gran Canaria<\/strong>, <strong>Miguel Hidalgo<\/strong>, se encuentra finalizando la reconstrucci\u00f3n del tramo perteneciente al <strong>t\u00e9rmino municipal de Telde<\/strong> para restablecer por completo<strong> la conexi\u00f3n entre los tres municipios.<\/strong><\/p>\n<p>Los trabajos han consistido en la regularizaci\u00f3n del terreno, el relleno de los grandes socavones provocados por la fuerza del agua y la ejecuci\u00f3n de una nueva base mediante zahorra artificial de 30 cent\u00edmetros de espesor, compactada para garantizar la estabilidad del firme. Asimismo, se ha <strong>reforzado la protecci\u00f3n de la v\u00eda<\/strong> frente a futuros episodios de lluvias intensas mediante la nivelaci\u00f3n del terreno y la <strong>reposici\u00f3n de los servicios afectados.<\/strong><\/p>\n<p><a href=\"https:\/\/whatsapp.com\/channel\/0029VahknXBDzgTHGJW3DC1v\">S\u00edguenos a trav\u00e9s del canal de WhatsApp<\/a><\/p>\n","protected":false},"excerpt":{"rendered":"<p>El Ayuntamiento de Santa Br\u00edgida, a trav\u00e9s de la Concejal\u00eda de V\u00edas y Obras que dirige el alcalde Jos\u00e9 Armengol, ha concluido los trabajos de reconstrucci\u00f3n del tramo de carretera&hellip;<\/p>\n","protected":false},"author":17,"featured_media":167,"comment_status":"open","ping_status":"open","sticky":false,"template":"","format":"standard","meta":{"wpai_generated_summary":"","wpai_meta_description":"","footnotes":""},"categories":[136],"tags":[],"class_list":["post-166","post","type-post","status-publish","format-standard","has-post-thumbnail","hentry","category-ayuntamiento-de-santa-brigida"],"_links":{"self":[{"href":"https:\/\/nublo.tv\/index.php\/wp-json\/wp\/v2\/posts\/166","targetHints":{"allow":["GET"]}}],"collection":[{"href":"https:\/\/nublo.tv\/index.php\/wp-json\/wp\/v2\/posts"}],"about":[{"href":"https:\/\/nublo.tv\/index.php\/wp-json\/wp\/v2\/types\/post"}],"author":[{"embeddable":true,"href":"https:\/\/nublo.tv\/index.php\/wp-json\/wp\/v2\/users\/17"}],"replies":[{"embeddable":true,"href":"https:\/\/nublo.tv\/index.php\/wp-json\/wp\/v2\/comments?post=166"}],"version-history":[{"count":1,"href":"https:\/\/nublo.tv\/index.php\/wp-json\/wp\/v2\/posts\/166\/revisions"}],"predecessor-version":[{"id":398,"href":"https:\/\/nublo.tv\/index.php\/wp-json\/wp\/v2\/posts\/166\/revisions\/398"}],"wp:featuredmedia":[{"embeddable":true,"href":"https:\/\/nublo.tv\/index.php\/wp-json\/wp\/v2\/media\/167"}],"wp:attachment":[{"href":"https:\/\/nublo.tv\/index.php\/wp-json\/wp\/v2\/media?parent=166"}],"wp:term":[{"taxonomy":"category","embeddable":true,"href":"https:\/\/nublo.tv\/index.php\/wp-json\/wp\/v2\/categories?post=166"},{"taxonomy":"post_tag","embeddable":true,"href":"https:\/\/nublo.tv\/index.php\/wp-json\/wp\/v2\/tags?post=166"}],"curies":[{"name":"wp","href":"https:\/\/api.w.org\/{rel}","templated":true}]}}