{"id":168,"date":"2026-08-04T17:19:27","date_gmt":"2026-08-04T16:19:27","guid":{"rendered":"https:\/\/nublo.tv\/?p=168"},"modified":"2026-08-04T17:19:27","modified_gmt":"2026-08-04T16:19:27","slug":"pino-santo-alto-celebra-sus-fiestas-en-honor-a-la-virgen-de-la-salud","status":"publish","type":"post","link":"https:\/\/nublo.tv\/index.php\/2026\/08\/04\/pino-santo-alto-celebra-sus-fiestas-en-honor-a-la-virgen-de-la-salud\/","title":{"rendered":"Pino Santo Alto celebra sus Fiestas en honor a la Virgen de la Salud"},"content":{"rendered":"<p><strong>Pino Santo Alto<\/strong> se prepara para vivir sus<strong><a href=\"https:\/\/www.santabrigida.es\/wp-content\/uploads\/2026\/08\/programa_fiestas_2026_marca_agua.pdf\"> Fiestas en Honor a la Virgen de la Salud 2026<\/a><\/strong>, a trav\u00e9s de un amplio programa de actos <strong>religiosos y populares<\/strong> que se desarrollar\u00e1 del <strong>8 al 16 de agosto<\/strong>. El ambiente festivo comenz\u00f3 el pasado viernes con el tradicional <strong>engalanamiento del barrio<\/strong>, acompa\u00f1ado de m\u00fasica y repique de campanas.<\/p>\n<p><strong>20:30 h<\/strong> \u2013 La <strong>lectura del Preg\u00f3n<\/strong> de las Fiestas<strong> <\/strong>correr\u00e1 a cargo del <em>Rancho de \u00c1nimas de Arbejales<strong> <\/strong>(Teror),<\/em> reliquia centenaria viva del <strong>patrimonio etnogr\u00e1fico de Canarias<\/strong>. \u201cHeredero de un antiguo <strong>culto de ra\u00edces animistas<\/strong>, conserva una tradici\u00f3n de religiosidad popular que<strong> se remonta al siglo XVI <\/strong>y cuya misi\u00f3n ha sido interpretar coplas y deshechas dedicadas a los difuntos\u201d. Tradicionalmente, recorr\u00edan los pueblos entre los meses de diciembre y febrero, coincidiendo con los doce s\u00e1bados m\u00e1s pr\u00f3ximos al<strong> solsticio de invierno<\/strong>. Su repertorio, sin embargo, trasciende el \u00e1mbito funerario, \u201crecreando la cosmovisi\u00f3n de la sociedad campesina y su relaci\u00f3n con los<strong> ciclos vitales y estacionales<\/strong> de las cosechas y del ganado (\u2026)\u201d. \u00a0<\/p>\n<p>A continuaci\u00f3n \u2013 <strong>Concierto de Tacones Rojos<\/strong>.<\/p>\n<p><strong>10:00 h<\/strong> \u2013 Apertura del <strong>Mercadillo de Artesan\u00eda y Productos de la Tierra<\/strong> en la cancha deportiva (Inscripciones: 696 70 38 82). La ma\u00f1ana estar\u00e1 amenizada por el grupo musical <strong>Sara Brito y Paco.<\/strong><\/p>\n<p>Desde las 10:00 horas, la <strong>Pista de H\u00edpica Teodoro Torres <\/strong>acoger\u00e1 el <em>D\u00eda de Tradiciones<\/em> con una exhibici\u00f3n de trilla con dos yuntas, orde\u00f1a de vaca, reparto de leche y gofio, trasquilada de oveja y paseos en burro.<\/p>\n<p><strong>12:00 h<\/strong> \u2013 <strong>Misa por los difuntos del barrio<\/strong> en la Carpa Exterior \/ Cancha Deportiva.<\/p>\n<p><strong>17:00 h<\/strong> \u2013 <strong>Tarde Infantil y Juvenil<\/strong>: Castillos hinchables, pintacaras y juegos juveniles (juegos de mesa, torneo de dardos y otras actividades). Organiza la<strong> Concejal\u00eda de Juventud del Ayuntamiento de Santa Br\u00edgida.<\/strong><\/p>\n<p><strong>18:00 h<\/strong> \u2013 <strong>Masterclass de puesta en forma<\/strong>, organizada por la <strong>Sociedad Municipal de Deportes de Santa Br\u00edgida.<\/strong><\/p>\n<p><strong>20:00 h<\/strong> \u2013 <strong>Degustaci\u00f3n de platos t\u00edpicos<\/strong> elaborados por los vecinos y vecinas del barrio. A continuaci\u00f3n, <em>Gran Noche de Bingo<\/em> con numerosos premios.<\/p>\n<p><strong>19:30 h<\/strong> \u2013 <strong>Recepci\u00f3n de peregrinos<\/strong> de los barrios de Arbejales y San Isidro (municipio hermano de Teror).<\/p>\n<p><strong>20:00 h<\/strong> \u2013 <strong>Santa Misa de los Enfermos<\/strong> (en la Carpa Exterior \/ Cancha Deportiva).<\/p>\n<p><strong>21:00 h<\/strong> \u2013 <strong>Escala en Hi-Fi<\/strong> presentada por <strong>Carolina del Olmo<\/strong> (<em>El Tocador de Nina<\/em>).<\/p>\n<p><strong>20:00 h<\/strong> \u2013 <strong>Salida de la Virgen de La Salud<\/strong> desde la Ermita.<\/p>\n<p><strong>20:00 h<\/strong> \u2013 <strong>Romer\u00eda-Ofrenda a Nuestra Patrona la Virgen de La Salud<\/strong>, con la participaci\u00f3n de la <strong>Parranda Pedro Hidalgo <\/strong>y la <strong>Agrupaci\u00f3n Folkl\u00f3rica Iballa.<\/strong> La ofrenda de alimentos e insumos ser\u00e1 destinada a <strong>C\u00e1ritas Santa Br\u00edgida.<\/strong><\/p>\n<p><strong>22:30 h<\/strong> \u2013 <strong>Gran Verbena<\/strong> amenizada por el grupo <strong>Ritmo Bakano<\/strong> y <strong>Dj. \u00c1lvaro Rodr\u00edguez<\/strong>.<\/p>\n<p><strong>18:00 h<\/strong> \u2013 <strong>Solemne Funci\u00f3n Religiosa<\/strong> en la Carpa Exterior \/ Cancha, oficiada por el p\u00e1rroco de Santa Br\u00edgida, <strong>Vito Ond\u00f3<\/strong>, y cantada por la<strong> Agrupaci\u00f3n Folkl\u00f3rica La Zarzalera<\/strong> (Pino Santo Bajo). A continuaci\u00f3n, <strong>Procesi\u00f3n<\/strong> por el recorrido habitual, acompa\u00f1ada de vecinos, autoridades, visitantes y la <strong>Banda de M\u00fasica Guiniguada.<\/strong><\/p>\n<p><strong>20:30 h<\/strong> \u2013 Fin de Fiestas con el <strong>Mon\u00f3logo teatral costumbrista<\/strong> <em>Tu acento me suena,<\/em> a cargo de<strong> Antonia de Aguatona<\/strong>. A la finalizaci\u00f3n, <em>Chocolatada con churros <\/em>para los asistentes.<\/p>\n<p>La\u00a0<strong>Comisi\u00f3n de Fiestas de Pino Santo Alto<\/strong>\u00a0agradece el compromiso de los vecinos y vecinas, as\u00ed como el apoyo del\u00a0<strong>Cabildo de Gran Canaria<\/strong>, el\u00a0<strong>Ayuntamiento de Santa Br\u00edgida<\/strong>, la\u00a0<strong>Sociedad Municipal de Deportes<\/strong>\u00a0y las casas comerciales colaboradoras, que hacen posible esta celebraci\u00f3n a\u00f1o tras a\u00f1o.<\/p>\n<p><a href=\"https:\/\/whatsapp.com\/channel\/0029VahknXBDzgTHGJW3DC1v\">S\u00edguenos a trav\u00e9s del canal de WhatsApp<\/a><\/p>\n","protected":false},"excerpt":{"rendered":"<p>Pino Santo Alto se prepara para vivir sus Fiestas en Honor a la Virgen de la Salud 2026, a trav\u00e9s de un amplio programa de actos religiosos y populares que&hellip;<\/p>\n","protected":false},"author":17,"featured_media":169,"comment_status":"open","ping_status":"open","sticky":false,"template":"","format":"standard","meta":{"wpai_generated_summary":"","wpai_meta_description":"","footnotes":""},"categories":[136],"tags":[],"class_list":["post-168","post","type-post","status-publish","format-standard","has-post-thumbnail","hentry","category-ayuntamiento-de-santa-brigida"],"_links":{"self":[{"href":"https:\/\/nublo.tv\/index.php\/wp-json\/wp\/v2\/posts\/168","targetHints":{"allow":["GET"]}}],"collection":[{"href":"https:\/\/nublo.tv\/index.php\/wp-json\/wp\/v2\/posts"}],"about":[{"href":"https:\/\/nublo.tv\/index.php\/wp-json\/wp\/v2\/types\/post"}],"author":[{"embeddable":true,"href":"https:\/\/nublo.tv\/index.php\/wp-json\/wp\/v2\/users\/17"}],"replies":[{"embeddable":true,"href":"https:\/\/nublo.tv\/index.php\/wp-json\/wp\/v2\/comments?post=168"}],"version-history":[{"count":1,"href":"https:\/\/nublo.tv\/index.php\/wp-json\/wp\/v2\/posts\/168\/revisions"}],"predecessor-version":[{"id":411,"href":"https:\/\/nublo.tv\/index.php\/wp-json\/wp\/v2\/posts\/168\/revisions\/411"}],"wp:featuredmedia":[{"embeddable":true,"href":"https:\/\/nublo.tv\/index.php\/wp-json\/wp\/v2\/media\/169"}],"wp:attachment":[{"href":"https:\/\/nublo.tv\/index.php\/wp-json\/wp\/v2\/media?parent=168"}],"wp:term":[{"taxonomy":"category","embeddable":true,"href":"https:\/\/nublo.tv\/index.php\/wp-json\/wp\/v2\/categories?post=168"},{"taxonomy":"post_tag","embeddable":true,"href":"https:\/\/nublo.tv\/index.php\/wp-json\/wp\/v2\/tags?post=168"}],"curies":[{"name":"wp","href":"https:\/\/api.w.org\/{rel}","templated":true}]}}