{"id":16932,"date":"2026-08-27T18:12:38","date_gmt":"2026-08-27T17:12:38","guid":{"rendered":"https:\/\/nublo.tv\/?p=16932"},"modified":"2026-08-27T18:12:38","modified_gmt":"2026-08-27T17:12:38","slug":"christian-diaz-regresa-al-gran-canaria-es-un-sueno-hecho-realidad","status":"publish","type":"post","link":"https:\/\/nublo.tv\/index.php\/2026\/08\/27\/christian-diaz-regresa-al-gran-canaria-es-un-sueno-hecho-realidad\/","title":{"rendered":"Christian D\u00edaz regresa al Gran Canaria: \u00abEs un sue\u00f1o hecho realidad\u00bb"},"content":{"rendered":"<p><strong>El base grancanario Christian D\u00edaz fue presentado este jueves oficialmente como nuevo jugador del Gran Canaria en la estaci\u00f3n de servicio DISA Puerto de La Luz. El jugador, natural del barrio de Casablanca III, regresa al club donde se form\u00f3 tras una trayectoria profesional que incluye tres ascensos a la ACB y experiencia en la Primera FEB.<\/strong><\/p>\n<p>Raquel Montes, directora de Marketing, Data y Experiencia de Cliente del Grupo DISA, ejerci\u00f3 de anfitriona en un acto que simboliz\u00f3 el inicio de la temporada. Durante la presentaci\u00f3n, se destac\u00f3 la vinculaci\u00f3n de doce a\u00f1os que mantiene la compa\u00f1\u00eda energ\u00e9tica con la entidad amarilla como uno de sus patrocinadores principales.<\/p>\n<p>Montes subray\u00f3 que la incorporaci\u00f3n de D\u00edaz refleja la apuesta compartida por el talento canario. Asimismo, se record\u00f3 que el patrocinio de DISA ofrece ventajas directas para los abonados del club, con descuentos de 0,03 euros por litro en combustibles en las estaciones DISA y Shell, que alcanzan los 0,042 euros por litro en la gama Premium.<\/p>\n<h3>Trayectoria y objetivos del jugador<\/h3>\n<p>Christian D\u00edaz, que llega procedente del Club Melilla Baloncesto, explic\u00f3 que el contacto para volver a la isla y vestir de amarillo supuso uno de los mejores momentos de su vida profesional. El base completar\u00e1 as\u00ed su ciclo formativo en la entidad, donde milit\u00f3 desde las categor\u00edas de base hasta la etapa j\u00fanior.<\/p>\n<p>El jugador agradeci\u00f3 el apoyo recibido por la afici\u00f3n y se\u00f1al\u00f3 que su prioridad es trabajar para alcanzar los objetivos del equipo. D\u00edaz coment\u00f3 que, aunque perteneci\u00f3 a la generaci\u00f3n del 92 y no lleg\u00f3 a debutar en su momento con el primer equipo, afronta esta oportunidad como un premio tras haber salido del club hace a\u00f1os para crecer profesionalmente.<\/p>\n<p>En la plantilla coincidir\u00e1 con el tambi\u00e9n grancanario Fran Guerra, con quien mantiene una relaci\u00f3n estrecha tras a\u00f1os de enfrentamientos en categor\u00edas inferiores y coincidir en selecciones canarias, nacionales y en su etapa en Orense. D\u00edaz advirti\u00f3 sobre la competitividad de la liga actual y la necesidad de trabajar con respeto hacia todos los rivales.<\/p>\n<p>Tras la comparecencia ante los medios, el evento finaliz\u00f3 con una actividad de tiro a canasta en las instalaciones de la estaci\u00f3n de servicio, en la que participaron el propio jugador y los asistentes al acto.<\/p>\n","protected":false},"excerpt":{"rendered":"<p>El jugador grancanario, que defini\u00f3 su vuelta a casa como \u00abun sue\u00f1o hecho realidad\u00bb, atendi\u00f3 este jueves a los medios en DISA Puerto de La Luz. La estaci\u00f3n de servicio&hellip;<\/p>\n","protected":false},"author":1,"featured_media":17718,"comment_status":"open","ping_status":"open","sticky":false,"template":"","format":"standard","meta":{"wpai_generated_summary":"","wpai_meta_description":"","footnotes":""},"categories":[122],"tags":[],"class_list":["post-16932","post","type-post","status-publish","format-standard","has-post-thumbnail","hentry","category-deportes"],"_links":{"self":[{"href":"https:\/\/nublo.tv\/index.php\/wp-json\/wp\/v2\/posts\/16932","targetHints":{"allow":["GET"]}}],"collection":[{"href":"https:\/\/nublo.tv\/index.php\/wp-json\/wp\/v2\/posts"}],"about":[{"href":"https:\/\/nublo.tv\/index.php\/wp-json\/wp\/v2\/types\/post"}],"author":[{"embeddable":true,"href":"https:\/\/nublo.tv\/index.php\/wp-json\/wp\/v2\/users\/1"}],"replies":[{"embeddable":true,"href":"https:\/\/nublo.tv\/index.php\/wp-json\/wp\/v2\/comments?post=16932"}],"version-history":[{"count":2,"href":"https:\/\/nublo.tv\/index.php\/wp-json\/wp\/v2\/posts\/16932\/revisions"}],"predecessor-version":[{"id":17717,"href":"https:\/\/nublo.tv\/index.php\/wp-json\/wp\/v2\/posts\/16932\/revisions\/17717"}],"wp:featuredmedia":[{"embeddable":true,"href":"https:\/\/nublo.tv\/index.php\/wp-json\/wp\/v2\/media\/17718"}],"wp:attachment":[{"href":"https:\/\/nublo.tv\/index.php\/wp-json\/wp\/v2\/media?parent=16932"}],"wp:term":[{"taxonomy":"category","embeddable":true,"href":"https:\/\/nublo.tv\/index.php\/wp-json\/wp\/v2\/categories?post=16932"},{"taxonomy":"post_tag","embeddable":true,"href":"https:\/\/nublo.tv\/index.php\/wp-json\/wp\/v2\/tags?post=16932"}],"curies":[{"name":"wp","href":"https:\/\/api.w.org\/{rel}","templated":true}]}}