{"id":170,"date":"2026-08-04T17:19:27","date_gmt":"2026-08-04T16:19:27","guid":{"rendered":"https:\/\/nublo.tv\/?p=170"},"modified":"2026-08-04T17:19:27","modified_gmt":"2026-08-04T16:19:27","slug":"santa-brigida-asegura-mas-de-12-millones-para-la-dependencia","status":"publish","type":"post","link":"https:\/\/nublo.tv\/index.php\/2026\/08\/04\/santa-brigida-asegura-mas-de-12-millones-para-la-dependencia\/","title":{"rendered":"Santa Br\u00edgida asegura m\u00e1s de 1,2 millones para la dependencia"},"content":{"rendered":"<p>En la \u00faltima sesi\u00f3n plenaria ordinaria correspondiente al mes de julio, el <strong>Ayuntamiento de Santa Br\u00edgida<\/strong> aprob\u00f3 la firma del convenio de colaboraci\u00f3n con el <strong>Instituto de Atenci\u00f3n Social y Sociosanitaria<\/strong> (IAS) del <strong>Cabildo de Gran Canaria<\/strong>, un acuerdo que garantiza la financiaci\u00f3n y la continuidad de los servicios destinados a las personas <strong>en situaci\u00f3n de dependencia<\/strong> del municipio.<\/p>\n<p>El convenio contempla una financiaci\u00f3n superior a 1,2 millones de euros para el periodo 2025-2028, que permitir\u00e1 mantener recursos esenciales como el<strong> Centro Ocupacional,<\/strong> el <strong>servicio de transporte adaptado<\/strong> y los programas de promoci\u00f3n de la autonom\u00eda personal<strong>,<\/strong> fundamentales para favorecer <strong>la inclusi\u00f3n, el desarrollo personal<\/strong> y la permanencia de las personas usuarias <strong>en su entorno.<\/strong><\/p>\n<p>Este acuerdo aporta estabilidad a unos servicios esenciales para el municipio, asegurando una atenci\u00f3n especializada, <strong>cercana y de calidad, <\/strong>al tiempo que ofrece continuidad a los apoyos que contribuyen a mejorar la autonom\u00eda, la integraci\u00f3n social y <strong>el bienestar de las personas beneficiarias y de sus familias.<\/strong><\/p>\n<p>Con esta aprobaci\u00f3n, el Ayuntamiento de Santa Br\u00edgida reafirma su compromiso con el fortalecimiento de los servicios sociales municipales y con la mejora de la calidad de vida de las personas m\u00e1s vulnerables, consolidando una red de atenci\u00f3n p\u00fablica que da respuesta a sus necesidades presentes y futuras.<\/p>\n<p><a href=\"https:\/\/whatsapp.com\/channel\/0029VahknXBDzgTHGJW3DC1v\">S\u00edguenos a trav\u00e9s del canal de WhatsApp<\/a><\/p>\n","protected":false},"excerpt":{"rendered":"<p>En la \u00faltima sesi\u00f3n plenaria ordinaria correspondiente al mes de julio, el Ayuntamiento de Santa Br\u00edgida aprob\u00f3 la firma del convenio de colaboraci\u00f3n con el Instituto de Atenci\u00f3n Social y&hellip;<\/p>\n","protected":false},"author":17,"featured_media":171,"comment_status":"open","ping_status":"open","sticky":false,"template":"","format":"standard","meta":{"wpai_generated_summary":"","wpai_meta_description":"","footnotes":""},"categories":[136],"tags":[],"class_list":["post-170","post","type-post","status-publish","format-standard","has-post-thumbnail","hentry","category-ayuntamiento-de-santa-brigida"],"_links":{"self":[{"href":"https:\/\/nublo.tv\/index.php\/wp-json\/wp\/v2\/posts\/170","targetHints":{"allow":["GET"]}}],"collection":[{"href":"https:\/\/nublo.tv\/index.php\/wp-json\/wp\/v2\/posts"}],"about":[{"href":"https:\/\/nublo.tv\/index.php\/wp-json\/wp\/v2\/types\/post"}],"author":[{"embeddable":true,"href":"https:\/\/nublo.tv\/index.php\/wp-json\/wp\/v2\/users\/17"}],"replies":[{"embeddable":true,"href":"https:\/\/nublo.tv\/index.php\/wp-json\/wp\/v2\/comments?post=170"}],"version-history":[{"count":1,"href":"https:\/\/nublo.tv\/index.php\/wp-json\/wp\/v2\/posts\/170\/revisions"}],"predecessor-version":[{"id":415,"href":"https:\/\/nublo.tv\/index.php\/wp-json\/wp\/v2\/posts\/170\/revisions\/415"}],"wp:featuredmedia":[{"embeddable":true,"href":"https:\/\/nublo.tv\/index.php\/wp-json\/wp\/v2\/media\/171"}],"wp:attachment":[{"href":"https:\/\/nublo.tv\/index.php\/wp-json\/wp\/v2\/media?parent=170"}],"wp:term":[{"taxonomy":"category","embeddable":true,"href":"https:\/\/nublo.tv\/index.php\/wp-json\/wp\/v2\/categories?post=170"},{"taxonomy":"post_tag","embeddable":true,"href":"https:\/\/nublo.tv\/index.php\/wp-json\/wp\/v2\/tags?post=170"}],"curies":[{"name":"wp","href":"https:\/\/api.w.org\/{rel}","templated":true}]}}