{"id":1707,"date":"2026-08-06T00:39:45","date_gmt":"2026-08-05T23:39:45","guid":{"rendered":"https:\/\/nublo.tv\/?p=1707"},"modified":"2026-08-06T00:39:45","modified_gmt":"2026-08-05T23:39:45","slug":"el-juvenil-c-inicia-la-temporada-2026-27","status":"publish","type":"post","link":"https:\/\/nublo.tv\/index.php\/2026\/08\/06\/el-juvenil-c-inicia-la-temporada-2026-27\/","title":{"rendered":"El Juvenil C inicia la temporada 2026\/27"},"content":{"rendered":"<p>El proyecto volver\u00e1 a estar liderado por Santi Lamp\u00f3n, que afronta una nueva campa\u00f1a como primer entrenador del equipo. La plantilla mantiene una s\u00f3lida base, ya que alrededor del 80 % de sus integrantes pertenecen a la generaci\u00f3n de 2010 procedente del Cadete, conjunto que se proclam\u00f3 Campe\u00f3n de Canarias en 2026. A este bloque se incorporan nuevos futbolistas que reforzar\u00e1n el grupo de cara al nuevo curso.<\/p>\n<p>Durante la pretemporada, el Juvenil C combinar\u00e1 los entrenamientos con la disputa de varios encuentros amistosos que servir\u00e1n para preparar el inicio de la competici\u00f3n. Adem\u00e1s, el equipo participar\u00e1 en el Torneo Aldea San Nicol\u00e1s, una cita que permitir\u00e1 al cuerpo t\u00e9cnico seguir evaluando la evoluci\u00f3n del grupo antes del comienzo de la temporada oficial.<\/p>\n<p>Cuerpo t\u00e9cnico<br \/>\nSantiago Lamp\u00f3n \u2013 Primer entrenador<br \/>\nJos\u00e9 Manuel S\u00e1nchez \u2013 Segundo entrenador<br \/>\nKevin Cruz \u2013 Preparador de porteros<br \/>\nMarc Castignani \u2013 Preparador f\u00edsico<br \/>\nSanti Alem\u00e1n \u2013 Readaptador<br \/>\nV\u00edctor Pons \u2013 M\u00e9dico<br \/>\nPachi Naranjo \u2013 Psic\u00f3logo<br \/>\nJuan Ferrer \u2013 Coach mental<br \/>\nSebasti\u00e1n Marrero \u2013 Fisioterapeuta<br \/>\nDaniel Su\u00e1rez \u2013 Nutricionista<br \/>\nSamuel Rodr\u00edguez \u2013 Encargado de material<br \/>\nLeonardo Gil \u2013 Encargado de material<br \/>\nJosu\u00e9 Castellano \u2013 Encargado de material<br \/>\nDomingo Ramos \u2013 Delegado de equipo<br \/>\nAyoze L\u00f3pez \u2013 Coordinador de etapa<br \/>\nCon una generaci\u00f3n que llega avalada por los \u00e9xitos logrados la pasada temporada y un cuerpo t\u00e9cnico que mantiene la continuidad del proyecto, el Juvenil C afronta este nuevo desaf\u00edo con la ilusi\u00f3n de seguir creciendo tanto a nivel competitivo como formativo, manteniendo la filosof\u00eda de trabajo que caracteriza al f\u00fatbol base de la UD Las Palmas.<\/p>\n","protected":false},"excerpt":{"rendered":"<p>El Juvenil C de la UD Las Palmas ha comenzado la temporada 2026\/27 con la presentaci\u00f3n oficial de su plantilla y cuerpo t\u00e9cnico, dando inicio a un nuevo curso en&hellip;<\/p>\n","protected":false},"author":1,"featured_media":1708,"comment_status":"open","ping_status":"open","sticky":false,"template":"","format":"standard","meta":{"wpai_generated_summary":"","wpai_meta_description":"","footnotes":""},"categories":[122],"tags":[],"class_list":["post-1707","post","type-post","status-publish","format-standard","has-post-thumbnail","hentry","category-deportes"],"_links":{"self":[{"href":"https:\/\/nublo.tv\/index.php\/wp-json\/wp\/v2\/posts\/1707","targetHints":{"allow":["GET"]}}],"collection":[{"href":"https:\/\/nublo.tv\/index.php\/wp-json\/wp\/v2\/posts"}],"about":[{"href":"https:\/\/nublo.tv\/index.php\/wp-json\/wp\/v2\/types\/post"}],"author":[{"embeddable":true,"href":"https:\/\/nublo.tv\/index.php\/wp-json\/wp\/v2\/users\/1"}],"replies":[{"embeddable":true,"href":"https:\/\/nublo.tv\/index.php\/wp-json\/wp\/v2\/comments?post=1707"}],"version-history":[{"count":1,"href":"https:\/\/nublo.tv\/index.php\/wp-json\/wp\/v2\/posts\/1707\/revisions"}],"predecessor-version":[{"id":1738,"href":"https:\/\/nublo.tv\/index.php\/wp-json\/wp\/v2\/posts\/1707\/revisions\/1738"}],"wp:featuredmedia":[{"embeddable":true,"href":"https:\/\/nublo.tv\/index.php\/wp-json\/wp\/v2\/media\/1708"}],"wp:attachment":[{"href":"https:\/\/nublo.tv\/index.php\/wp-json\/wp\/v2\/media?parent=1707"}],"wp:term":[{"taxonomy":"category","embeddable":true,"href":"https:\/\/nublo.tv\/index.php\/wp-json\/wp\/v2\/categories?post=1707"},{"taxonomy":"post_tag","embeddable":true,"href":"https:\/\/nublo.tv\/index.php\/wp-json\/wp\/v2\/tags?post=1707"}],"curies":[{"name":"wp","href":"https:\/\/api.w.org\/{rel}","templated":true}]}}