{"id":172,"date":"2026-08-04T17:19:27","date_gmt":"2026-08-04T16:19:27","guid":{"rendered":"https:\/\/nublo.tv\/?p=172"},"modified":"2026-08-04T17:19:27","modified_gmt":"2026-08-04T16:19:27","slug":"santa-brigida-prepara-su-caminata-a-teror","status":"publish","type":"post","link":"https:\/\/nublo.tv\/index.php\/2026\/08\/04\/santa-brigida-prepara-su-caminata-a-teror\/","title":{"rendered":"Santa Br\u00edgida prepara su caminata a Teror"},"content":{"rendered":"<p>Con las primeras luces del <strong>s\u00e1bado 29 de agosto<\/strong>, Santa Br\u00edgida emprender\u00e1, un a\u00f1o m\u00e1s, su camino de fe hacia la <strong>Bas\u00edlica de Nuestra Se\u00f1ora del Pino<\/strong>. Un total de <strong>300 vecinos y vecinas<\/strong> de la Villa sataute\u00f1a participar\u00e1n en esta peregrinaci\u00f3n que, celebrada de forma ininterrumpida desde <strong>1995<\/strong>, se ha consolidado como uno de los actos m\u00e1s emblem\u00e1ticos del municipio en los d\u00edas previos a la Romer\u00eda-Ofrenda del Pino.<\/p>\n<p>La cita, organizada por el\u00a0<strong>Ayuntamiento de Santa Br\u00edgida<\/strong>, mantiene su esencia a\u00f1o tras a\u00f1o en un recorrido que combina\u00a0<strong>esfuerzo, devoci\u00f3n y esp\u00edritu fraterno<\/strong>. La salida est\u00e1 prevista para las 7:00 horas desde la Plaza de la Iglesia. Desde all\u00ed, el grupo iniciar\u00e1 su ascenso hacia la Caldera de Pino Santo, un tramo con pendientes pronunciadas que marca la frontera natural entre Santa Br\u00edgida y Teror. <strong>Tras una parada para desayunar,<\/strong> los caminantes emprender\u00e1n el descenso desde El Faro, ya en el t\u00e9rmino municipal de Teror, hasta alcanzar el casco hist\u00f3rico de la Villa Mariana. La llegada est\u00e1 estimada en torno a las 11:00 horas y, como en ediciones anteriores, <strong>el regreso se realizar\u00e1 en guaguas<\/strong> que\u00a0esperar\u00e1n a los participantes a las 13:00 horas junto a la Plaza de Sintes para facilitar el retorno al municipio.\u00a0<\/p>\n<p><strong>El plazo de inscripci\u00f3n<\/strong>\u00a0est\u00e1 abierto desde este<strong> 3 de agosto<\/strong> (plazas limitadas). La cuota de participaci\u00f3n es de <strong>4 euros por persona<\/strong> (no reembolsables) e incluye seguro individual de accidentes, desayuno en Pino Santo Alto, servicio de transporte de vuelta, asistencia sanitaria con ambulancia de soporte vital b\u00e1sico durante el trayecto. La edad m\u00ednima para participar es de <strong>9 a\u00f1os<\/strong>, debiendo acudir los menores acompa\u00f1ados en todo momento por su progenitor o tutor legal.<\/p>\n<p>Las inscripciones se pueden tramitar a trav\u00e9s de dos v\u00edas:<\/p>\n<p><a href=\"https:\/\/whatsapp.com\/channel\/0029VahknXBDzgTHGJW3DC1v\">S\u00edguenos a trav\u00e9s del canal de WhatsApp<\/a><\/p>\n","protected":false},"excerpt":{"rendered":"<p>Con las primeras luces del s\u00e1bado 29 de agosto, Santa Br\u00edgida emprender\u00e1, un a\u00f1o m\u00e1s, su camino de fe hacia la Bas\u00edlica de Nuestra Se\u00f1ora del Pino. Un total de&hellip;<\/p>\n","protected":false},"author":17,"featured_media":173,"comment_status":"open","ping_status":"open","sticky":false,"template":"","format":"standard","meta":{"wpai_generated_summary":"","wpai_meta_description":"","footnotes":""},"categories":[136],"tags":[],"class_list":["post-172","post","type-post","status-publish","format-standard","has-post-thumbnail","hentry","category-ayuntamiento-de-santa-brigida"],"_links":{"self":[{"href":"https:\/\/nublo.tv\/index.php\/wp-json\/wp\/v2\/posts\/172","targetHints":{"allow":["GET"]}}],"collection":[{"href":"https:\/\/nublo.tv\/index.php\/wp-json\/wp\/v2\/posts"}],"about":[{"href":"https:\/\/nublo.tv\/index.php\/wp-json\/wp\/v2\/types\/post"}],"author":[{"embeddable":true,"href":"https:\/\/nublo.tv\/index.php\/wp-json\/wp\/v2\/users\/17"}],"replies":[{"embeddable":true,"href":"https:\/\/nublo.tv\/index.php\/wp-json\/wp\/v2\/comments?post=172"}],"version-history":[{"count":1,"href":"https:\/\/nublo.tv\/index.php\/wp-json\/wp\/v2\/posts\/172\/revisions"}],"predecessor-version":[{"id":428,"href":"https:\/\/nublo.tv\/index.php\/wp-json\/wp\/v2\/posts\/172\/revisions\/428"}],"wp:featuredmedia":[{"embeddable":true,"href":"https:\/\/nublo.tv\/index.php\/wp-json\/wp\/v2\/media\/173"}],"wp:attachment":[{"href":"https:\/\/nublo.tv\/index.php\/wp-json\/wp\/v2\/media?parent=172"}],"wp:term":[{"taxonomy":"category","embeddable":true,"href":"https:\/\/nublo.tv\/index.php\/wp-json\/wp\/v2\/categories?post=172"},{"taxonomy":"post_tag","embeddable":true,"href":"https:\/\/nublo.tv\/index.php\/wp-json\/wp\/v2\/tags?post=172"}],"curies":[{"name":"wp","href":"https:\/\/api.w.org\/{rel}","templated":true}]}}