{"id":174,"date":"2026-08-04T17:19:27","date_gmt":"2026-08-04T16:19:27","guid":{"rendered":"https:\/\/nublo.tv\/?p=174"},"modified":"2026-08-04T17:19:27","modified_gmt":"2026-08-04T16:19:27","slug":"ecopuntos-moviles-para-agosto","status":"publish","type":"post","link":"https:\/\/nublo.tv\/index.php\/2026\/08\/04\/ecopuntos-moviles-para-agosto\/","title":{"rendered":"Ecopuntos m\u00f3viles para agosto"},"content":{"rendered":"<p>El Ayuntamiento de Santa Br\u00edgida, a trav\u00e9s de la Concejal\u00eda de Limpieza y Residuos S\u00f3lidos Urbanos que dirige Mar\u00eda S\u00e1nchez-Fernaud Vega, ha dado a conocer las nuevas ubicaciones de los ecopuntos m\u00f3viles de este mes de agosto.<\/p>\n<p>En estas instalaciones, se recogen de manera gratuita residuos de origen dom\u00e9stico que, debido a su volumen o toxicidad, no pueden ser descartados en los contenedores convencionales de la v\u00eda p\u00fablica, y que se destinan a procesos de reutilizaci\u00f3n, reciclaje o valorizaci\u00f3n.<\/p>\n<p>Los ecopuntos m\u00f3viles sirven para dar una segunda vida a la ropa, calzado y otros textiles, as\u00ed como a los tapones de pl\u00e1stico, contribuyendo as\u00ed a la correcta gesti\u00f3n de residuos y al cuidado del medio ambiente. Tambi\u00e9n peque\u00f1os aparatos el\u00e9ctricos y electr\u00f3nicos, como radios, tel\u00e9fonos m\u00f3viles, secadores, planchas o cargadores. Del mismo modo, es posible entregar en estas instalaciones t\u00f3ner y cartuchos de impresora. Los productos de limpieza, pinturas, disolventes, aerosoles o barnices tambi\u00e9n tienen cabida, como tambi\u00e9n se reciben bombillas y tubos fluorescentes, as\u00ed como pilas y bater\u00edas de distinto tipo.<\/p>\n<p>El 3 y 17 de agosto\u00a0ser\u00e1 instalado el Punto Limpio M\u00f3vil del Cabildo Insular en la\u00a0Carretera a la Atalaya,\u00a0frente al n\u00famero 53, en horario de 8:00 a 20:00 horas de atenci\u00f3n al ciudadano.<\/p>\n<p>Es necesario recordar que el Consistorio ofrece un\u00a0<strong>servicio gratuito<\/strong>\u00a0de recogida, previa solicitud.<\/p>\n<p>El Ayuntamiento recuerda que no se encarga de la retirada de los restos de\u00a0<strong>hojas de palmeras<\/strong>. Esto se debe a que la manipulaci\u00f3n y eliminaci\u00f3n de dichos residuos requieren de una empresa o persona debidamente\u00a0<strong>acreditada por el Gobierno de Canarias<\/strong>, quien establece\u00a0<strong>normativas espec\u00edficas<\/strong>\u00a0para la poda, manejo y eliminaci\u00f3n, ya que estas son una especie vulnerable a diversas plagas que, de no controlarse adecuadamente, podr\u00edan extenderse y afectar no solo a los espacios p\u00fablicos, sino tambi\u00e9n a propiedades privadas y zonas agr\u00edcolas.<\/p>\n<p><a href=\"https:\/\/whatsapp.com\/channel\/0029VahknXBDzgTHGJW3DC1v\">S\u00edguenos a trav\u00e9s del canal de WhatsApp<\/a><\/p>\n","protected":false},"excerpt":{"rendered":"<p>El Ayuntamiento de Santa Br\u00edgida, a trav\u00e9s de la Concejal\u00eda de Limpieza y Residuos S\u00f3lidos Urbanos que dirige Mar\u00eda S\u00e1nchez-Fernaud Vega, ha dado a conocer las nuevas ubicaciones de los&hellip;<\/p>\n","protected":false},"author":17,"featured_media":175,"comment_status":"open","ping_status":"open","sticky":false,"template":"","format":"standard","meta":{"wpai_generated_summary":"","wpai_meta_description":"","footnotes":""},"categories":[136],"tags":[],"class_list":["post-174","post","type-post","status-publish","format-standard","has-post-thumbnail","hentry","category-ayuntamiento-de-santa-brigida"],"_links":{"self":[{"href":"https:\/\/nublo.tv\/index.php\/wp-json\/wp\/v2\/posts\/174","targetHints":{"allow":["GET"]}}],"collection":[{"href":"https:\/\/nublo.tv\/index.php\/wp-json\/wp\/v2\/posts"}],"about":[{"href":"https:\/\/nublo.tv\/index.php\/wp-json\/wp\/v2\/types\/post"}],"author":[{"embeddable":true,"href":"https:\/\/nublo.tv\/index.php\/wp-json\/wp\/v2\/users\/17"}],"replies":[{"embeddable":true,"href":"https:\/\/nublo.tv\/index.php\/wp-json\/wp\/v2\/comments?post=174"}],"version-history":[{"count":1,"href":"https:\/\/nublo.tv\/index.php\/wp-json\/wp\/v2\/posts\/174\/revisions"}],"predecessor-version":[{"id":432,"href":"https:\/\/nublo.tv\/index.php\/wp-json\/wp\/v2\/posts\/174\/revisions\/432"}],"wp:featuredmedia":[{"embeddable":true,"href":"https:\/\/nublo.tv\/index.php\/wp-json\/wp\/v2\/media\/175"}],"wp:attachment":[{"href":"https:\/\/nublo.tv\/index.php\/wp-json\/wp\/v2\/media?parent=174"}],"wp:term":[{"taxonomy":"category","embeddable":true,"href":"https:\/\/nublo.tv\/index.php\/wp-json\/wp\/v2\/categories?post=174"},{"taxonomy":"post_tag","embeddable":true,"href":"https:\/\/nublo.tv\/index.php\/wp-json\/wp\/v2\/tags?post=174"}],"curies":[{"name":"wp","href":"https:\/\/api.w.org\/{rel}","templated":true}]}}