{"id":1743,"date":"2026-08-06T07:46:13","date_gmt":"2026-08-06T06:46:13","guid":{"rendered":"https:\/\/nublo.tv\/?p=1743"},"modified":"2026-08-06T07:46:13","modified_gmt":"2026-08-06T06:46:13","slug":"la-ud-las-palmas-se-encomendo-a-la-virgen-del-pino-para-la-nueva-temporada","status":"publish","type":"post","link":"https:\/\/nublo.tv\/index.php\/2026\/08\/06\/la-ud-las-palmas-se-encomendo-a-la-virgen-del-pino-para-la-nueva-temporada\/","title":{"rendered":"La UD Las Palmas se encomend\u00f3 a la Virgen del Pino para la nueva temporada"},"content":{"rendered":"<p><strong>La plantilla, cuerpo t\u00e9cnico y directiva realiz\u00f3 este mi\u00e9rcoles 5 de agosto la tradicional ofrenda floral a al Virgen del Pino.<\/strong><\/p>\n<p>El equipo amarillo cumpli\u00f3 este mi\u00e9rcoles 5 de agosto con su tradicional ofrenda a la Virgen del Pino antes del inicio de la temporada.<\/p>\n<p><a href=\"https:\/\/teror.es\/wp-content\/uploads\/2026\/08\/05_VisitaUDLasPalmas1.jpeg\"><img loading=\"lazy\" decoding=\"async\" class=\"alignright size-vp_sm wp-image-98788\" src=\"https:\/\/teror.es\/wp-content\/uploads\/2026\/08\/05_VisitaUDLasPalmas1-500x333.jpeg\" alt=\"\" width=\"500\" height=\"333\" \/><\/a> <a href=\"https:\/\/teror.es\/wp-content\/uploads\/2026\/08\/05_VisitaUDLasPalmas2.jpeg\"><img loading=\"lazy\" decoding=\"async\" class=\"alignright size-vp_sm wp-image-98787\" src=\"https:\/\/teror.es\/wp-content\/uploads\/2026\/08\/05_VisitaUDLasPalmas2-500x333.jpeg\" alt=\"\" width=\"500\" height=\"333\" \/><\/a> <a href=\"https:\/\/teror.es\/wp-content\/uploads\/2026\/08\/05_VisitaUDLasPalmas3.jpeg\"><img loading=\"lazy\" decoding=\"async\" class=\"alignright size-vp_sm wp-image-98786\" src=\"https:\/\/teror.es\/wp-content\/uploads\/2026\/08\/05_VisitaUDLasPalmas3-500x333.jpeg\" alt=\"\" width=\"500\" height=\"333\" \/><\/a> <a href=\"https:\/\/teror.es\/wp-content\/uploads\/2026\/08\/05_VisitaUDLasPalmas4.jpeg\"><img decoding=\"async\" loading=\"lazy\" class=\"alignright size-vp_sm wp-image-98785\" src=\"https:\/\/teror.es\/wp-content\/uploads\/2026\/08\/05_VisitaUDLasPalmas4-500x333.jpeg\" alt=\"\" width=\"500\" height=\"333\" \/><\/a> <a href=\"https:\/\/teror.es\/wp-content\/uploads\/2026\/08\/05_VisitaUDLasPalmas6.jpeg\"><img decoding=\"async\" loading=\"lazy\" class=\"alignright size-vp_sm wp-image-98783\" src=\"https:\/\/teror.es\/wp-content\/uploads\/2026\/08\/05_VisitaUDLasPalmas6-500x333.jpeg\" alt=\"\" width=\"500\" height=\"333\" \/><\/a> <a href=\"https:\/\/teror.es\/wp-content\/uploads\/2026\/08\/05_VisitaUDLasPalmas7.jpeg\"><img decoding=\"async\" loading=\"lazy\" class=\"alignright size-vp_sm wp-image-98782\" src=\"https:\/\/teror.es\/wp-content\/uploads\/2026\/08\/05_VisitaUDLasPalmas7-500x333.jpeg\" alt=\"\" width=\"500\" height=\"333\" \/><\/a>La plantilla de la UD Las Palmas, junto al cuerpo t\u00e9cnico y una representaci\u00f3n de la directiva del club, presidida por Miguel \u00c1ngel Ram\u00edrez, fue recibida en la Bas\u00edlica de Nuestra Se\u00f1ora del Pino, por el p\u00e1rroco Jorge Mart\u00edn de la Coba, acompa\u00f1ado del primer teniente de alcalde, Sergio Nuez, y el edil de Deportes, Mois\u00e9s Rodr\u00edguez, para encomendarse a la Patrona a pocas semanas de iniciarse la festividad del Pino.<\/p>\n<p>Tras las palabras de recibimiento y buenos deseos para la pr\u00f3xima temporada deportiva, jugadores, entrenadores y responsables de la entidad amarilla acudieron al camar\u00edn de la Virgen, donde su presidente deposit\u00f3 la ofrenda floral ante el trono.<\/p>\n","protected":false},"excerpt":{"rendered":"<p>La plantilla, cuerpo t\u00e9cnico y directiva realiz\u00f3 este mi\u00e9rcoles 5 de agosto la tradicional ofrenda floral a al Virgen del Pino. El equipo amarillo cumpli\u00f3 este mi\u00e9rcoles 5 de agosto&hellip;<\/p>\n","protected":false},"author":1,"featured_media":1744,"comment_status":"open","ping_status":"open","sticky":false,"template":"","format":"standard","meta":{"wpai_generated_summary":"","wpai_meta_description":"","footnotes":""},"categories":[141],"tags":[],"class_list":["post-1743","post","type-post","status-publish","format-standard","has-post-thumbnail","hentry","category-ayuntamiento-de-teror"],"_links":{"self":[{"href":"https:\/\/nublo.tv\/index.php\/wp-json\/wp\/v2\/posts\/1743","targetHints":{"allow":["GET"]}}],"collection":[{"href":"https:\/\/nublo.tv\/index.php\/wp-json\/wp\/v2\/posts"}],"about":[{"href":"https:\/\/nublo.tv\/index.php\/wp-json\/wp\/v2\/types\/post"}],"author":[{"embeddable":true,"href":"https:\/\/nublo.tv\/index.php\/wp-json\/wp\/v2\/users\/1"}],"replies":[{"embeddable":true,"href":"https:\/\/nublo.tv\/index.php\/wp-json\/wp\/v2\/comments?post=1743"}],"version-history":[{"count":1,"href":"https:\/\/nublo.tv\/index.php\/wp-json\/wp\/v2\/posts\/1743\/revisions"}],"predecessor-version":[{"id":1748,"href":"https:\/\/nublo.tv\/index.php\/wp-json\/wp\/v2\/posts\/1743\/revisions\/1748"}],"wp:featuredmedia":[{"embeddable":true,"href":"https:\/\/nublo.tv\/index.php\/wp-json\/wp\/v2\/media\/1744"}],"wp:attachment":[{"href":"https:\/\/nublo.tv\/index.php\/wp-json\/wp\/v2\/media?parent=1743"}],"wp:term":[{"taxonomy":"category","embeddable":true,"href":"https:\/\/nublo.tv\/index.php\/wp-json\/wp\/v2\/categories?post=1743"},{"taxonomy":"post_tag","embeddable":true,"href":"https:\/\/nublo.tv\/index.php\/wp-json\/wp\/v2\/tags?post=1743"}],"curies":[{"name":"wp","href":"https:\/\/api.w.org\/{rel}","templated":true}]}}