{"id":1745,"date":"2026-08-06T07:46:13","date_gmt":"2026-08-06T06:46:13","guid":{"rendered":"https:\/\/nublo.tv\/?p=1745"},"modified":"2026-08-06T07:46:13","modified_gmt":"2026-08-06T06:46:13","slug":"el-palmar-celebra-este-miercoles-el-dia-de-las-nieves-con-procesion","status":"publish","type":"post","link":"https:\/\/nublo.tv\/index.php\/2026\/08\/06\/el-palmar-celebra-este-miercoles-el-dia-de-las-nieves-con-procesion\/","title":{"rendered":"El Palmar celebra este mi\u00e9rcoles el D\u00eda de Las Nieves con procesi\u00f3n"},"content":{"rendered":"<p><strong>Tras la procesi\u00f3n tendr\u00e1 lugar a las 20:30 horas\u00a0 la actuaci\u00f3n de Pedro Manuel Afonso y su espect\u00e1culo \u2018Haciendo camino\u2019. El barrio ha realizado durante la semana varios actos culturales.\u00a0<\/strong><\/p>\n<p>El Palmar celebra este mi\u00e9rcoles 5 de agosto el D\u00eda de Ntra. Sra. de las Nieves, patrona del barrio terorense, con la procesi\u00f3n de la imagen de la virgen alrededor del templo parroquial, a las 19:00 horas. La noche festiva cerrar\u00e1 con la actuaci\u00f3n de Pedro Manuel Afonso y su espect\u00e1culo \u2018Haciendo camino\u2019, a partir de las 20:30 horas, en la Plaza de Las Nieves. <span style=\"color: #0000ff\"><a style=\"color: #0000ff\" href=\"https:\/\/teror.es\/wp-content\/uploads\/2026\/07\/af-el-palmar-2026-web.pdf\">VER PROGRAMA COMPLETO<\/a><\/span><\/p>\n<p>El programa festivo ha ofrecido esta semana varios actos culturales. El pasado 31 de julio se celebr\u00f3 el concierto &#8216;Voces con Ra\u00edces&#8217;, con la actuaci\u00f3n de Parranda El Lebrillo, que cont\u00f3 con la participaci\u00f3n de Aidil Pe\u00f1a, Jose Vicente G., \u2060Pedro Artiles, Vicente Oliver M. y \u2060Omar Ross. El 1 de agosto se realiz\u00f3 el D\u00eda de las Tradiciones, con ofrenda a la Virgen,\u00a0 juegos tradicionales\u00a0 y las actuaciones musicales de la Parranda \u2018Pa\u00b4lante\u2019 y el solista C\u00e9sar Santana. El 2 de agosto tuvo lugar una exposici\u00f3n de veh\u00edculos cl\u00e1sicos. El lunes actu\u00f3 Roque Nublo Rom\u00e1ntico; y el humorista Maestro Florido estuvo este martes 4 de agosto.<\/p>\n<p>El viernes 7 de agosto se celebrar\u00e1 la \u2018Noche cubana\u2019 y el s\u00e1bado 8 de agosto \u2018La bajada del g\u00fcevo duro\u2019 con la m\u00fasica de Pepe Benavente, Reina de sal, Furia Joven, entre otros.\u00a0El s\u00e1bado 15 de agosto culminan los actos con el regreso de la imagen de Ntra. Sra. de las Nieves a la Ermita de la Pe\u00f1a.<\/p>\n<p>El Palmar comenz\u00f3 sus fiestas en honor a la Virgen de Las Nieves el pasado 25 de julio con la tradicional procesi\u00f3n de la imagen desde la Ermita de La Pe\u00f1a a la Parroquia y, a continuaci\u00f3n, el preg\u00f3n de la festividad, que en esta ocasi\u00f3n realiz\u00f3 el vecino Antonio Carmelo S\u00e1nchez S\u00e1nchez, recordando muchos momentos y personas del barrio presentes en las fiestas. El acto de inauguraci\u00f3n cerr\u00f3 con la actuaci\u00f3n de Los Guayres del Palmar.<\/p>\n<div class=\"envira-gallery-feed-output\"><img decoding=\"async\" class=\"envira-gallery-feed-image\" src=\"https:\/\/teror.es\/wp-content\/uploads\/2026\/07\/Pregon_3-777x518.jpg\" title=\"Pregon_3\" alt=\"\" \/><\/div>\n","protected":false},"excerpt":{"rendered":"<p>Tras la procesi\u00f3n tendr\u00e1 lugar a las 20:30 horas\u00a0 la actuaci\u00f3n de Pedro Manuel Afonso y su espect\u00e1culo \u2018Haciendo camino\u2019. El barrio ha realizado durante la semana varios actos culturales.\u00a0&hellip;<\/p>\n","protected":false},"author":1,"featured_media":1746,"comment_status":"open","ping_status":"open","sticky":false,"template":"","format":"standard","meta":{"wpai_generated_summary":"","wpai_meta_description":"","footnotes":""},"categories":[141],"tags":[],"class_list":["post-1745","post","type-post","status-publish","format-standard","has-post-thumbnail","hentry","category-ayuntamiento-de-teror"],"_links":{"self":[{"href":"https:\/\/nublo.tv\/index.php\/wp-json\/wp\/v2\/posts\/1745","targetHints":{"allow":["GET"]}}],"collection":[{"href":"https:\/\/nublo.tv\/index.php\/wp-json\/wp\/v2\/posts"}],"about":[{"href":"https:\/\/nublo.tv\/index.php\/wp-json\/wp\/v2\/types\/post"}],"author":[{"embeddable":true,"href":"https:\/\/nublo.tv\/index.php\/wp-json\/wp\/v2\/users\/1"}],"replies":[{"embeddable":true,"href":"https:\/\/nublo.tv\/index.php\/wp-json\/wp\/v2\/comments?post=1745"}],"version-history":[{"count":1,"href":"https:\/\/nublo.tv\/index.php\/wp-json\/wp\/v2\/posts\/1745\/revisions"}],"predecessor-version":[{"id":1747,"href":"https:\/\/nublo.tv\/index.php\/wp-json\/wp\/v2\/posts\/1745\/revisions\/1747"}],"wp:featuredmedia":[{"embeddable":true,"href":"https:\/\/nublo.tv\/index.php\/wp-json\/wp\/v2\/media\/1746"}],"wp:attachment":[{"href":"https:\/\/nublo.tv\/index.php\/wp-json\/wp\/v2\/media?parent=1745"}],"wp:term":[{"taxonomy":"category","embeddable":true,"href":"https:\/\/nublo.tv\/index.php\/wp-json\/wp\/v2\/categories?post=1745"},{"taxonomy":"post_tag","embeddable":true,"href":"https:\/\/nublo.tv\/index.php\/wp-json\/wp\/v2\/tags?post=1745"}],"curies":[{"name":"wp","href":"https:\/\/api.w.org\/{rel}","templated":true}]}}