{"id":1749,"date":"2026-08-06T09:49:16","date_gmt":"2026-08-06T08:49:16","guid":{"rendered":"https:\/\/nublo.tv\/?p=1749"},"modified":"2026-08-29T08:57:49","modified_gmt":"2026-08-29T07:57:49","slug":"abierto-el-plazo-para-acceder-a-las-ayudas-de-rehabilitacion-de-viviendas","status":"publish","type":"post","link":"https:\/\/nublo.tv\/index.php\/2026\/08\/06\/abierto-el-plazo-para-acceder-a-las-ayudas-de-rehabilitacion-de-viviendas\/","title":{"rendered":"Abierto el plazo para acceder a las ayudas de rehabilitaci\u00f3n de viviendas"},"content":{"rendered":"<p><strong>El Ayuntamiento de Santa Br\u00edgida<\/strong> ha abierto el plazo de presentaci\u00f3n de solicitudes para acceder a las <a href=\"https:\/\/www.santabrigida.es\/wp-content\/uploads\/2026\/08\/Bases-convocatoria-subv.-rehab.-vvda.-medio-rural-2025.pdf\">Ayudas destinadas a la rehabilitaci\u00f3n de viviendas de titularidad privada en el municipio<\/a>, una convocatoria dotada con <strong>228.090,19 euros<\/strong> dentro del <strong>Programa para Combatir la Despoblaci\u00f3n del Medio Rural<\/strong> del <strong>Plan de Vivienda de Canarias<\/strong> 2020-2025, correspondiente al <strong>ejercicio 2025<\/strong>.<\/p>\n<p>La finalidad de estas ayudas, convocadas por la <strong>Concejal\u00eda de Vivienda, <\/strong>que dirige <strong>Puri Amador,<\/strong> permitir\u00e1 a propietarios y propietarias del municipio acceder a financiaci\u00f3n para realizar obras que mejoren las condiciones de habitabilidad, conservaci\u00f3n, accesibilidad, seguridad y eficiencia energ\u00e9tica de sus viviendas. La financiaci\u00f3n procede del <strong>Instituto Canario de la Vivienda<\/strong> y ser\u00e1 gestionada por el Ayuntamiento mediante un procedimiento de concurrencia competitiva.<\/p>\n<p>Podr\u00e1n acogerse a esta convocatoria las viviendas que constituyan el <strong>domicilio habitual y permanente de sus propietarios<\/strong> o que vayan a serlo en un plazo m\u00e1ximo de dos meses desde la finalizaci\u00f3n de las obras. Asimismo, deber\u00e1n contar con una <strong>antig\u00fcedad m\u00ednima de veinte a\u00f1os<\/strong>, salvo las excepciones previstas en las bases reguladoras. Las viviendas beneficiarias no podr\u00e1n destinarse al alquiler tur\u00edstico y deber\u00e1n mantenerse como residencia habitual durante un periodo m\u00ednimo de diez a\u00f1os.<\/p>\n<p><strong>Cuant\u00eda de las Ayudas<\/strong><\/p>\n<p>Las subvenciones se estructuran en funci\u00f3n del tipo de inmueble y la situaci\u00f3n socioecon\u00f3mica del n\u00facleo convivencial:<\/p>\n<p><strong>Viviendas unifamiliares (r\u00e9gimen general):<\/strong> Cobertura de hasta el <strong>50% del coste tutelado de las obras<\/strong>, con un m\u00e1ximo subvencionable de <strong>10.000,00 euros<\/strong> por vivienda.<\/p>\n<p><strong>Viviendas unifamiliares (colectivos vulnerables):<\/strong> Para unidades de convivencia en situaci\u00f3n de vulnerabilidad social o econ\u00f3mica debidamente acreditada, la ayuda podr\u00e1 financiar <strong>hasta el 100% de la inversi\u00f3n<\/strong>, manteniendo el tope m\u00e1ximo de <strong>10.000,00 euros<\/strong>.<\/p>\n<p><strong>Edificios residenciales de tipolog\u00eda colectiva:<\/strong> Cobertura de hasta el <strong>50% del coste<\/strong>, con un m\u00e1ximo de <strong>4.000,00 euros por vivienda<\/strong> integrada en el inmueble.<\/p>\n<p><strong>Actuaciones subvencionables<\/strong><\/p>\n<p>Las bases recogen un amplio cat\u00e1logo de intervenciones destinadas a modernizar y optimizar el parque residencial de Santa Br\u00edgida:<\/p>\n<p><strong>Seguridad y Conservaci\u00f3n:<\/strong> Obras de reparaci\u00f3n estructural, consolidaci\u00f3n de cimentaciones, rehabilitaci\u00f3n de fachadas y cubiertas, y renovaci\u00f3n de instalaciones esenciales de electricidad, fontaner\u00eda o saneamiento.<\/p>\n<p><strong>Accesibilidad Universal:<\/strong> Instalaci\u00f3n de elevadores, rampas de acceso, salvaescaleras o adecuaci\u00f3n de cuartos de ba\u00f1o y pasos interiores para personas con movilidad reducida o mayores.<\/p>\n<p><strong>Eficiencia Energ\u00e9tica y Salubridad:<\/strong> Mejora del aislamiento t\u00e9rmico y ac\u00fastico, sustituci\u00f3n de carpinter\u00edas, instalaci\u00f3n de sistemas de energ\u00edas renovables y la eliminaci\u00f3n de elementos nocivos como el amianto.<\/p>\n<p>El plazo de presentaci\u00f3n de solicitudes permanecer\u00e1 abierto hasta el <strong>31 de agosto inclusive.<\/strong> Las personas interesadas podr\u00e1n presentar la documentaci\u00f3n a trav\u00e9s de la <a href=\"https:\/\/santabrigida.sedelectronica.es\/info.0\">Sede Electr\u00f3nica del Ayuntamiento de Santa Br\u00edgida<\/a> o de forma presencial en el Registro Auxiliar del <strong>Centro Polifuncional de los Servicios Sociales<\/strong>, situado en la calle Mirador de la Villa, n\u00famero 3, planta baja (edificio anexo a Hiperdino), as\u00ed como en el Registro General del Ayuntamiento.<\/p>\n<p>La solicitud deber\u00e1 formalizarse mediante el modelo oficial (Anexo I), disponible tanto en la Sede Electr\u00f3nica municipal como en el Registro General de las dependencias municipales.<\/p>\n<div class=\"wp-block-group is-vertical is-layout-flex wp-container-core-group-is-layout-1 wp-block-group-is-layout-flex\">\n<p><strong><a href=\"https:\/\/www.santabrigida.es\/wp-content\/uploads\/2026\/08\/Bases-convocatoria-subv.-rehab.-vvda.-medio-rural-2025.pdf\">BASES<\/a><\/strong><\/p>\n<p><a href=\"https:\/\/www.santabrigida.es\/wp-content\/uploads\/2026\/08\/Anexo.pdf\"><strong>ANEXO I<\/strong><\/a><\/p>\n<\/div>\n<p>santabrigida.es\u00bb>Ayuntamiento de la Villa de Santa Br\u00edgida<\/a>.<\/p>\n","protected":false},"excerpt":{"rendered":"<p>El Ayuntamiento de Santa Br\u00edgida ha abierto el plazo de presentaci\u00f3n de solicitudes para acceder a las Ayudas destinadas a la rehabilitaci\u00f3n de viviendas de titularidad privada en el municipio,&hellip;<\/p>\n","protected":false},"author":1,"featured_media":1750,"comment_status":"open","ping_status":"open","sticky":false,"template":"","format":"standard","meta":{"wpai_generated_summary":"","wpai_meta_description":"","footnotes":""},"categories":[136],"tags":[],"class_list":["post-1749","post","type-post","status-publish","format-standard","has-post-thumbnail","hentry","category-ayuntamiento-de-santa-brigida"],"_links":{"self":[{"href":"https:\/\/nublo.tv\/index.php\/wp-json\/wp\/v2\/posts\/1749","targetHints":{"allow":["GET"]}}],"collection":[{"href":"https:\/\/nublo.tv\/index.php\/wp-json\/wp\/v2\/posts"}],"about":[{"href":"https:\/\/nublo.tv\/index.php\/wp-json\/wp\/v2\/types\/post"}],"author":[{"embeddable":true,"href":"https:\/\/nublo.tv\/index.php\/wp-json\/wp\/v2\/users\/1"}],"replies":[{"embeddable":true,"href":"https:\/\/nublo.tv\/index.php\/wp-json\/wp\/v2\/comments?post=1749"}],"version-history":[{"count":2,"href":"https:\/\/nublo.tv\/index.php\/wp-json\/wp\/v2\/posts\/1749\/revisions"}],"predecessor-version":[{"id":18099,"href":"https:\/\/nublo.tv\/index.php\/wp-json\/wp\/v2\/posts\/1749\/revisions\/18099"}],"wp:featuredmedia":[{"embeddable":true,"href":"https:\/\/nublo.tv\/index.php\/wp-json\/wp\/v2\/media\/1750"}],"wp:attachment":[{"href":"https:\/\/nublo.tv\/index.php\/wp-json\/wp\/v2\/media?parent=1749"}],"wp:term":[{"taxonomy":"category","embeddable":true,"href":"https:\/\/nublo.tv\/index.php\/wp-json\/wp\/v2\/categories?post=1749"},{"taxonomy":"post_tag","embeddable":true,"href":"https:\/\/nublo.tv\/index.php\/wp-json\/wp\/v2\/tags?post=1749"}],"curies":[{"name":"wp","href":"https:\/\/api.w.org\/{rel}","templated":true}]}}