{"id":1752,"date":"2026-08-06T09:49:16","date_gmt":"2026-08-06T08:49:16","guid":{"rendered":"https:\/\/nublo.tv\/?p=1752"},"modified":"2026-08-29T08:57:49","modified_gmt":"2026-08-29T07:57:49","slug":"la-aldea-celebrara-el-15-de-agosto-la-tercera-edicion-del-festival-palmeras","status":"publish","type":"post","link":"https:\/\/nublo.tv\/index.php\/2026\/08\/06\/la-aldea-celebrara-el-15-de-agosto-la-tercera-edicion-del-festival-palmeras\/","title":{"rendered":"La Aldea celebrar\u00e1 el 15 de agosto la tercera edici\u00f3n del Festival Palmeras"},"content":{"rendered":"<div class=\"fusion-fullwidth fullwidth-box fusion-builder-row-1 fusion-flex-container nonhundred-percent-fullwidth non-hundred-percent-height-scrolling\" style=\"--awb-border-radius-top-left:0px;--awb-border-radius-top-right:0px;--awb-border-radius-bottom-right:0px;--awb-border-radius-bottom-left:0px;--awb-flex-wrap:wrap\">\n<div class=\"fusion-builder-row fusion-row fusion-flex-align-items-flex-start fusion-flex-content-wrap\" style=\"max-width:1248px;margin-left: calc(-4% \/ 2 );margin-right: calc(-4% \/ 2 )\">\n<div class=\"fusion-layout-column fusion_builder_column fusion-builder-column-0 fusion_builder_column_1_1 1_1 fusion-flex-column\" style=\"--awb-bg-size:cover;--awb-width-large:100%;--awb-margin-top-large:0px;--awb-spacing-right-large:1.92%;--awb-margin-bottom-large:0px;--awb-spacing-left-large:1.92%;--awb-width-medium:100%;--awb-spacing-right-medium:1.92%;--awb-spacing-left-medium:1.92%;--awb-width-small:100%;--awb-spacing-right-small:1.92%;--awb-spacing-left-small:1.92%\">\n<div class=\"fusion-column-wrapper fusion-flex-justify-content-flex-start fusion-content-layout-column\">\n<div class=\"fusion-text fusion-text-1\">\n<p>El evento, organizado por las concejal\u00edas de Festejos y Medio Ambiente, abrir\u00e1 la programaci\u00f3n de las fiestas patronales en honor a San Nicol\u00e1s de Tolentino y volver\u00e1 a reunir m\u00fasica, naturaleza y convivencia en la Avenida San Nicol\u00e1s.<\/p>\n<p>El Ayuntamiento de La Aldea de San Nicol\u00e1s celebrar\u00e1 el pr\u00f3ximo 15 de agosto la tercera edici\u00f3n del Festival Palmeras, una iniciativa organizada por las concejal\u00edas de Festejos y Medio Ambiente que, desde su creaci\u00f3n en 2024, se ha consolidado como uno de los actos que marcan el inicio de las fiestas patronales en honor a San Nicol\u00e1s de Tolentino.<\/p>\n<p>El festival tendr\u00e1 lugar en la Avenida San Nicol\u00e1s, en horario de 21:00 a 02:00 horas, y contar\u00e1 con las actuaciones de Orishas, Aduana Maya, Nueva Vibra y el DJ Anthony Boada, que pondr\u00e1n la banda sonora a una noche de m\u00fasica y convivencia para vecinos y visitantes.<\/p>\n<p>Como parte de la programaci\u00f3n del Festival Palmeras, durante la celebraci\u00f3n del evento podr\u00e1n verse las fotograf\u00edas participantes en el Concurso de Fotograf\u00eda de Palmeras, una exposici\u00f3n que permitir\u00e1 disfrutar de las im\u00e1genes presentadas al certamen y poner en valor uno de los elementos naturales m\u00e1s representativos del municipio.<\/p>\n<p>La concejala de Festejos, Leandra Delgado Garc\u00eda, destac\u00f3 que \u00abcon el Festival Palmeras comenzamos un mes de agosto repleto de actividades con las que damos la bienvenida a nuestras fiestas patronales en honor a San Nicol\u00e1s de Tolentino. Hemos preparado una programaci\u00f3n pensada para que vecinos y visitantes disfruten y compartan momentos con sus amigos y sus familias, llenando nuestras calles de ambiente, m\u00fasica y convivencia. Invitamos a toda la ciudadan\u00eda a participar y a vivir intensamente unas fiestas que hemos organizado con mucha ilusi\u00f3n\u00bb.<\/p>\n<p>El Festival Palmeras se ha consolidado como una de las citas destacadas del calendario festivo de La Aldea, uniendo m\u00fasica, naturaleza y participaci\u00f3n ciudadana en el inicio de unas fiestas patronales que volver\u00e1n a llenar el municipio de actividades para todos los p\u00fablicos.<\/p>\n<p>Desde el Ayuntamiento de La Aldea de San Nicol\u00e1s se invita a toda la ciudadan\u00eda y a quienes visiten el municipio durante esas fechas a disfrutar de esta tercera edici\u00f3n del Festival Palmeras y del amplio programa de actos preparado con motivo de las fiestas patronales en honor a San Nicol\u00e1s de Tolentino.<\/p>\n<\/div>\n<\/div>\n<\/div>\n<\/div>\n<\/div>\n<p>es\u00bb>La Aldea<\/a>.<\/p>\n","protected":false},"excerpt":{"rendered":"<p>El evento, organizado por las concejal\u00edas de Festejos y Medio Ambiente, abrir\u00e1 la programaci\u00f3n de las fiestas patronales en honor a San Nicol\u00e1s de Tolentino y volver\u00e1 a reunir m\u00fasica,&hellip;<\/p>\n","protected":false},"author":1,"featured_media":1753,"comment_status":"open","ping_status":"open","sticky":false,"template":"","format":"standard","meta":{"wpai_generated_summary":"","wpai_meta_description":"","footnotes":""},"categories":[131],"tags":[],"class_list":["post-1752","post","type-post","status-publish","format-standard","has-post-thumbnail","hentry","category-ayuntamiento-de-la-aldea-de-san-nicolas"],"_links":{"self":[{"href":"https:\/\/nublo.tv\/index.php\/wp-json\/wp\/v2\/posts\/1752","targetHints":{"allow":["GET"]}}],"collection":[{"href":"https:\/\/nublo.tv\/index.php\/wp-json\/wp\/v2\/posts"}],"about":[{"href":"https:\/\/nublo.tv\/index.php\/wp-json\/wp\/v2\/types\/post"}],"author":[{"embeddable":true,"href":"https:\/\/nublo.tv\/index.php\/wp-json\/wp\/v2\/users\/1"}],"replies":[{"embeddable":true,"href":"https:\/\/nublo.tv\/index.php\/wp-json\/wp\/v2\/comments?post=1752"}],"version-history":[{"count":2,"href":"https:\/\/nublo.tv\/index.php\/wp-json\/wp\/v2\/posts\/1752\/revisions"}],"predecessor-version":[{"id":18100,"href":"https:\/\/nublo.tv\/index.php\/wp-json\/wp\/v2\/posts\/1752\/revisions\/18100"}],"wp:featuredmedia":[{"embeddable":true,"href":"https:\/\/nublo.tv\/index.php\/wp-json\/wp\/v2\/media\/1753"}],"wp:attachment":[{"href":"https:\/\/nublo.tv\/index.php\/wp-json\/wp\/v2\/media?parent=1752"}],"wp:term":[{"taxonomy":"category","embeddable":true,"href":"https:\/\/nublo.tv\/index.php\/wp-json\/wp\/v2\/categories?post=1752"},{"taxonomy":"post_tag","embeddable":true,"href":"https:\/\/nublo.tv\/index.php\/wp-json\/wp\/v2\/tags?post=1752"}],"curies":[{"name":"wp","href":"https:\/\/api.w.org\/{rel}","templated":true}]}}