{"id":1754,"date":"2026-08-06T09:49:16","date_gmt":"2026-08-06T08:49:16","guid":{"rendered":"https:\/\/nublo.tv\/?p=1754"},"modified":"2026-08-27T12:35:25","modified_gmt":"2026-08-27T11:35:25","slug":"el-ayuntamiento-rebaja-a-prealerta-la-situacion-por-temperaturas-maximas-y-mantiene-la-alerta-maxima-por-riesgo-de-incendios-forestales","status":"publish","type":"post","link":"https:\/\/nublo.tv\/index.php\/2026\/08\/06\/el-ayuntamiento-rebaja-a-prealerta-la-situacion-por-temperaturas-maximas-y-mantiene-la-alerta-maxima-por-riesgo-de-incendios-forestales\/","title":{"rendered":"El Ayuntamiento rebaja a prealerta la situaci\u00f3n por temperaturas m\u00e1ximas y mantiene la alerta m\u00e1xima por riesgo de incendios forestales"},"content":{"rendered":"<p>El Ayuntamiento de Las Palmas de Gran Canaria, a trav\u00e9s del Servicio de Seguridad y Emergencias de la Concejal\u00eda de Seguridad, Convivencia y Cultura, actualiza desde las 17:00 horas de este mi\u00e9rcoles la situaci\u00f3n del Plan de Emergencias Municipal de Las Palmas de Gran Canaria (PEMULPA), que pasa de situaci\u00f3n de alerta a prealerta por temperaturas m\u00e1ximas, de acuerdo con las instrucciones de la Direcci\u00f3n General de Emergencias del Gobierno de Canarias.<\/p>\n","protected":false},"excerpt":{"rendered":"<p>El Ayuntamiento de Las Palmas de Gran Canaria, a trav\u00e9s del Servicio de Seguridad y Emergencias de la Concejal\u00eda de Seguridad, Convivencia y Cultura, actualiza desde las 17:00 horas de&hellip;<\/p>\n","protected":false},"author":1,"featured_media":1755,"comment_status":"open","ping_status":"open","sticky":false,"template":"","format":"standard","meta":{"wpai_generated_summary":"","wpai_meta_description":"","footnotes":""},"categories":[132],"tags":[],"class_list":["post-1754","post","type-post","status-publish","format-standard","has-post-thumbnail","hentry","category-ayuntamiento-de-las-palmas-de-gran-canaria"],"_links":{"self":[{"href":"https:\/\/nublo.tv\/index.php\/wp-json\/wp\/v2\/posts\/1754","targetHints":{"allow":["GET"]}}],"collection":[{"href":"https:\/\/nublo.tv\/index.php\/wp-json\/wp\/v2\/posts"}],"about":[{"href":"https:\/\/nublo.tv\/index.php\/wp-json\/wp\/v2\/types\/post"}],"author":[{"embeddable":true,"href":"https:\/\/nublo.tv\/index.php\/wp-json\/wp\/v2\/users\/1"}],"replies":[{"embeddable":true,"href":"https:\/\/nublo.tv\/index.php\/wp-json\/wp\/v2\/comments?post=1754"}],"version-history":[{"count":1,"href":"https:\/\/nublo.tv\/index.php\/wp-json\/wp\/v2\/posts\/1754\/revisions"}],"predecessor-version":[{"id":1768,"href":"https:\/\/nublo.tv\/index.php\/wp-json\/wp\/v2\/posts\/1754\/revisions\/1768"}],"wp:featuredmedia":[{"embeddable":true,"href":"https:\/\/nublo.tv\/index.php\/wp-json\/wp\/v2\/media\/1755"}],"wp:attachment":[{"href":"https:\/\/nublo.tv\/index.php\/wp-json\/wp\/v2\/media?parent=1754"}],"wp:term":[{"taxonomy":"category","embeddable":true,"href":"https:\/\/nublo.tv\/index.php\/wp-json\/wp\/v2\/categories?post=1754"},{"taxonomy":"post_tag","embeddable":true,"href":"https:\/\/nublo.tv\/index.php\/wp-json\/wp\/v2\/tags?post=1754"}],"curies":[{"name":"wp","href":"https:\/\/api.w.org\/{rel}","templated":true}]}}