{"id":1756,"date":"2026-08-06T09:49:16","date_gmt":"2026-08-06T08:49:16","guid":{"rendered":"https:\/\/nublo.tv\/?p=1756"},"modified":"2026-08-27T12:35:25","modified_gmt":"2026-08-27T11:35:25","slug":"la-alcaldesa-mantiene-un-encuentro-con-el-nuevo-director-general-de-la-fundacion-auditorio-teatro","status":"publish","type":"post","link":"https:\/\/nublo.tv\/index.php\/2026\/08\/06\/la-alcaldesa-mantiene-un-encuentro-con-el-nuevo-director-general-de-la-fundacion-auditorio-teatro\/","title":{"rendered":"La alcaldesa mantiene un encuentro con el nuevo director general de la Fundaci\u00f3n Auditorio Teatro"},"content":{"rendered":"<p>La alcaldesa de Las Palmas de Gran Canaria, Carolina Darias, ha mantenido este mi\u00e9rcoles un encuentro con el nuevo director general de la Fundaci\u00f3n Auditorio y Teatro de Las Palmas de Gran Canaria, Zoilo Alem\u00e1n, quien ha iniciado esta semana su labor al frente de esta instituci\u00f3n que gestiona el Auditorio Alfredo Kraus, el Teatro P\u00e9rez Gald\u00f3s y el Palacio de Congresos de Canarias.<\/p>\n","protected":false},"excerpt":{"rendered":"<p>La alcaldesa de Las Palmas de Gran Canaria, Carolina Darias, ha mantenido este mi\u00e9rcoles un encuentro con el nuevo director general de la Fundaci\u00f3n Auditorio y Teatro de Las Palmas&hellip;<\/p>\n","protected":false},"author":1,"featured_media":1757,"comment_status":"open","ping_status":"open","sticky":false,"template":"","format":"standard","meta":{"wpai_generated_summary":"","wpai_meta_description":"","footnotes":""},"categories":[132],"tags":[],"class_list":["post-1756","post","type-post","status-publish","format-standard","has-post-thumbnail","hentry","category-ayuntamiento-de-las-palmas-de-gran-canaria"],"_links":{"self":[{"href":"https:\/\/nublo.tv\/index.php\/wp-json\/wp\/v2\/posts\/1756","targetHints":{"allow":["GET"]}}],"collection":[{"href":"https:\/\/nublo.tv\/index.php\/wp-json\/wp\/v2\/posts"}],"about":[{"href":"https:\/\/nublo.tv\/index.php\/wp-json\/wp\/v2\/types\/post"}],"author":[{"embeddable":true,"href":"https:\/\/nublo.tv\/index.php\/wp-json\/wp\/v2\/users\/1"}],"replies":[{"embeddable":true,"href":"https:\/\/nublo.tv\/index.php\/wp-json\/wp\/v2\/comments?post=1756"}],"version-history":[{"count":1,"href":"https:\/\/nublo.tv\/index.php\/wp-json\/wp\/v2\/posts\/1756\/revisions"}],"predecessor-version":[{"id":1767,"href":"https:\/\/nublo.tv\/index.php\/wp-json\/wp\/v2\/posts\/1756\/revisions\/1767"}],"wp:featuredmedia":[{"embeddable":true,"href":"https:\/\/nublo.tv\/index.php\/wp-json\/wp\/v2\/media\/1757"}],"wp:attachment":[{"href":"https:\/\/nublo.tv\/index.php\/wp-json\/wp\/v2\/media?parent=1756"}],"wp:term":[{"taxonomy":"category","embeddable":true,"href":"https:\/\/nublo.tv\/index.php\/wp-json\/wp\/v2\/categories?post=1756"},{"taxonomy":"post_tag","embeddable":true,"href":"https:\/\/nublo.tv\/index.php\/wp-json\/wp\/v2\/tags?post=1756"}],"curies":[{"name":"wp","href":"https:\/\/api.w.org\/{rel}","templated":true}]}}