{"id":176,"date":"2026-08-04T17:32:54","date_gmt":"2026-08-04T16:32:54","guid":{"rendered":"https:\/\/nublo.tv\/?p=176"},"modified":"2026-08-04T17:32:54","modified_gmt":"2026-08-04T16:32:54","slug":"el-ayuntamiento-da-luz-verde-a-nuevas-actuaciones-para-el-municipio","status":"publish","type":"post","link":"https:\/\/nublo.tv\/index.php\/2026\/08\/04\/el-ayuntamiento-da-luz-verde-a-nuevas-actuaciones-para-el-municipio\/","title":{"rendered":"El Ayuntamiento da luz verde a nuevas actuaciones para el municipio"},"content":{"rendered":"<p><strong>El Ayuntamiento de Santa Br\u00edgida<\/strong>, presidido por el <strong>alcalde de la Villa, Jos\u00e9 Armengol<\/strong>, celebr\u00f3 ayer jueves, la sesi\u00f3n plenaria ordinaria correspondiente al mes de julio, en la que se aprobaron diversos acuerdos de relevancia para el municipio, entre los que destaca la propuesta de actuaciones que se elevar\u00e1 a la anualidad 2027 del Plan de Cooperaci\u00f3n con los Ayuntamientos del Cabildo de Gran Canaria, que contempla una inversi\u00f3n global de <strong>505.874,04 euros<\/strong> destinada a la mejora de infraestructuras y equipamientos municipales.<\/p>\n<p>El alcalde explic\u00f3 que las actuaciones seleccionadas \u00abresponden a la necesidad de atender d\u00e9ficits existentes como la mejora de la eficiencia energ\u00e9tica y <strong>renovaci\u00f3n del alumbrado p\u00fablico en Camino Los Olivos<\/strong>\u00ab, con un presupuesto de 281.868,93 euros, financiado mediante una aportaci\u00f3n de 196.386,83 euros del Cabildo de Gran Canaria y 85.482,10 euros de fondos municipales. Asimismo, \u00abse incorpora la instalaci\u00f3n de <strong>un sistema de climatizaci\u00f3n y paneles solares fotovoltaicos <\/strong>para <strong>autoconsumo en el Centro de Mayores<\/strong>\u00ab, una actuaci\u00f3n presupuestada en 224.005,11 euros y financiada \u00edntegramente por el Cabildo de Gran Canaria.<\/p>\n<p>La sesi\u00f3n plenaria tambi\u00e9n dio luz verde a la cesi\u00f3n al Ayuntamiento del proyecto t\u00e9cnico del futuro <strong>Equipamiento Socio-Deportivo Mirador de la Villa<\/strong>. El concejal de <strong>Deportes, Carlos Carri\u00f3n,<\/strong> destac\u00f3 que esta decisi\u00f3n \u00abpermitir\u00e1 avanzar en la construcci\u00f3n de este nuevo espacio destinado a ampliar la oferta deportiva municipal\u00bb. La Sociedad Municipal de Deportes cede sin coste el proyecto, cuya ejecuci\u00f3n est\u00e1 valorada en cerca de <strong>800.000 euros<\/strong>, para que el Consistorio impulse la construcci\u00f3n de estas nuevas instalaciones en una parcela municipal de <strong>3.210 metros cuadrados <\/strong>situada en la calle Mirador de la Villa.<\/p>\n<p>Durante la sesi\u00f3n, en la que todos los asuntos sometidos a votaci\u00f3n obtuvieron el respaldo de la Corporaci\u00f3n, tambi\u00e9n se aprob\u00f3 la adhesi\u00f3n del Ayuntamiento al convenio de colaboraci\u00f3n entre la <strong>Agencia Estatal de Administraci\u00f3n Tributaria <\/strong>(AEAT) y la<strong> Federaci\u00f3n Espa\u00f1ola de Municipios y Provincias <\/strong>(FEMP). Este acuerdo permitir\u00e1 modernizar la gesti\u00f3n administrativa y tributaria municipal mediante el intercambio telem\u00e1tico y seguro de informaci\u00f3n entre administraciones. La <strong>concejal de Pol\u00edtica Fiscal, Puri Amador, <\/strong>explic\u00f3 que la adhesi\u00f3n \u00abfacilitar\u00e1 entre otros la tramitaci\u00f3n de ayudas, bonificaciones, subvenciones y otros procedimientos, evitando que la ciudadan\u00eda tenga que aportar documentaci\u00f3n que ya obra en poder de otras administraciones\u00bb.<\/p>\n<p>El Pleno aprob\u00f3 igualmente la fijaci\u00f3n de los precios de referencia correspondientes a las obras de emergencia ejecutadas para la restituci\u00f3n de la <strong>red de saneamiento del Barranco Alonso-Guiniguada,<\/strong> gravemente da\u00f1ada por el paso del temporal <em>Therese.<\/em> La valoraci\u00f3n econ\u00f3mica posterior de estas actuaciones asciende <strong>a 7.408.358,46 euros.<\/strong> La <strong>concejal de Abastecimiento, Mar\u00eda S\u00e1nchez-Fernaud, <\/strong>se\u00f1al\u00f3 que este acuerdo constituye \u00abun tr\u00e1mite administrativo imprescindible para regularizar la ejecuci\u00f3n de unos trabajos que tuvieron que iniciarse por la v\u00eda de emergencia ante el riesgo que supon\u00edan los desperfectos en la infraestructura\u00bb.<\/p>\n<p>Entre los acuerdos adoptados figura tambi\u00e9n la <strong>pr\u00f3rroga por un a\u00f1o del contrato de mantenimiento y conservaci\u00f3n de las zonas verdes, jardines, parques infantiles, <\/strong>aparatos biosaludables y fuentes ornamentales del municipio, garantizando la continuidad de un servicio esencial para el cuidado de los espacios p\u00fablicos. Con esta medida, el <strong>concejal de Parques y Jardines, Adri\u00e1n Garc\u00eda Armas<\/strong>, destac\u00f3 que esta pr\u00f3rroga permitir\u00e1 que \u00abresidentes y visitantes puedan disfrutar de unas instalaciones seguras, accesibles y en \u00f3ptimas condiciones\u00bb.<\/p>\n<p>Durante la sesi\u00f3n tambi\u00e9n se inform\u00f3 de los trabajos que est\u00e1 desarrollando el Ayuntamiento para <strong>modernizar su fiscalidad urban\u00edstica tras m\u00e1s de 26 a\u00f1os, <\/strong>adapt\u00e1ndola a la vigente<strong> Ley del Suelo de Canarias<\/strong>. La propuesta, impulsada por la <strong>concejal de Urbanismo y Patrimonio, Mar\u00eda Lozano Lord\u00e1n<\/strong>, \u00abactualiza una ordenanza que permanec\u00eda en vigor desde diciembre de 1999 y que precisaba una revisi\u00f3n para adecuarse a los numerosos cambios normativos aprobados en el \u00e1mbito<strong> auton\u00f3mico y estatal <\/strong>durante el \u00faltimo cuarto de siglo\u00bb, se\u00f1al\u00f3.<\/p>\n<p>En el apartado de ruegos y preguntas, el <strong>concejal de Vox, Aridane Herrera<\/strong>, solicit\u00f3 informaci\u00f3n sobre las horas extraordinarias pendientes de abono a la <strong>Polic\u00eda Local<\/strong> de Santa Br\u00edgida. El <strong>concejal de Recursos Humano, Carlos Carri\u00f3n,<\/strong> explic\u00f3 que el expediente contin\u00faa en tramitaci\u00f3n y permanece pendiente de distintos requerimientos de documentaci\u00f3n y solicitudes de aclaraci\u00f3n formuladas por el Tribunal de Cuentas. Seg\u00fan indic\u00f3, el Ayuntamiento sigue aportando la informaci\u00f3n requerida por el \u00f3rgano fiscalizador para avanzar en la resoluci\u00f3n del procedimiento.<\/p>\n<p>Por su parte, la <strong>concejal del Partido Popular, Carolina Alonso<\/strong>, pregunt\u00f3 por el estado de las obras de rehabilitaci\u00f3n y acondicionamiento del inmueble municipal de la calle Castelar que alberga el <strong>Espacio Cultural Ana D\u00e9niz.<\/strong> En respuesta, la concejal de Urbanismo explic\u00f3 que la actuaci\u00f3n se encuentra actualmente condicionada a la redacci\u00f3n de un <strong>proyecto modificado,<\/strong> un tr\u00e1mite t\u00e9cnico necesario para adaptar las obras a las circunstancias detectadas durante su ejecuci\u00f3n y poder reanudarlas con todas las garant\u00edas.<\/p>\n<p><a href=\"https:\/\/whatsapp.com\/channel\/0029VahknXBDzgTHGJW3DC1v\">S\u00edguenos a trav\u00e9s del canal de WhatsApp<\/a><\/p>\n","protected":false},"excerpt":{"rendered":"<p>El Ayuntamiento de Santa Br\u00edgida, presidido por el alcalde de la Villa, Jos\u00e9 Armengol, celebr\u00f3 ayer jueves, la sesi\u00f3n plenaria ordinaria correspondiente al mes de julio, en la que se&hellip;<\/p>\n","protected":false},"author":17,"featured_media":177,"comment_status":"open","ping_status":"open","sticky":false,"template":"","format":"standard","meta":{"wpai_generated_summary":"","wpai_meta_description":"","footnotes":""},"categories":[136],"tags":[],"class_list":["post-176","post","type-post","status-publish","format-standard","has-post-thumbnail","hentry","category-ayuntamiento-de-santa-brigida"],"_links":{"self":[{"href":"https:\/\/nublo.tv\/index.php\/wp-json\/wp\/v2\/posts\/176","targetHints":{"allow":["GET"]}}],"collection":[{"href":"https:\/\/nublo.tv\/index.php\/wp-json\/wp\/v2\/posts"}],"about":[{"href":"https:\/\/nublo.tv\/index.php\/wp-json\/wp\/v2\/types\/post"}],"author":[{"embeddable":true,"href":"https:\/\/nublo.tv\/index.php\/wp-json\/wp\/v2\/users\/17"}],"replies":[{"embeddable":true,"href":"https:\/\/nublo.tv\/index.php\/wp-json\/wp\/v2\/comments?post=176"}],"version-history":[{"count":1,"href":"https:\/\/nublo.tv\/index.php\/wp-json\/wp\/v2\/posts\/176\/revisions"}],"predecessor-version":[{"id":481,"href":"https:\/\/nublo.tv\/index.php\/wp-json\/wp\/v2\/posts\/176\/revisions\/481"}],"wp:featuredmedia":[{"embeddable":true,"href":"https:\/\/nublo.tv\/index.php\/wp-json\/wp\/v2\/media\/177"}],"wp:attachment":[{"href":"https:\/\/nublo.tv\/index.php\/wp-json\/wp\/v2\/media?parent=176"}],"wp:term":[{"taxonomy":"category","embeddable":true,"href":"https:\/\/nublo.tv\/index.php\/wp-json\/wp\/v2\/categories?post=176"},{"taxonomy":"post_tag","embeddable":true,"href":"https:\/\/nublo.tv\/index.php\/wp-json\/wp\/v2\/tags?post=176"}],"curies":[{"name":"wp","href":"https:\/\/api.w.org\/{rel}","templated":true}]}}