{"id":1771,"date":"2026-08-06T10:00:15","date_gmt":"2026-08-06T09:00:15","guid":{"rendered":"https:\/\/nublo.tv\/?p=1771"},"modified":"2026-08-29T08:57:49","modified_gmt":"2026-08-29T07:57:49","slug":"tejeda-revalida-el-sobresaliente-en-transparencia-y-mejora-su-puntuacion-en-2025","status":"publish","type":"post","link":"https:\/\/nublo.tv\/index.php\/2026\/08\/06\/tejeda-revalida-el-sobresaliente-en-transparencia-y-mejora-su-puntuacion-en-2025\/","title":{"rendered":"Tejeda revalida el sobresaliente en transparencia y mejora su puntuaci\u00f3n en 2025"},"content":{"rendered":"<div class=\"et_pb_section et_pb_section_0 et_section_regular\">\n<div class=\"et_pb_row et_pb_row_0\">\n<div class=\"et_pb_column et_pb_column_4_4 et_pb_column_0  et_pb_css_mix_blend_mode_passthrough et-last-child\">\n<div class=\"et_pb_module et_pb_image et_pb_image_0\">\n<p>\t\t\t\t<span class=\"et_pb_image_wrap \"><img loading=\"lazy\" decoding=\"async\" width=\"1200\" height=\"643\" src=\"https:\/\/tejeda.eu\/wp-content\/uploads\/2026\/08\/EvaluacionTransparenciaWEB.png\" alt=\"\" title=\"Tejeda revalida el sobresaliente en transparencia y mejora su puntuaci\u00f3n en 2025\" class=\"wp-image-32448\" \/><\/span>\n\t\t\t<\/div>\n<\/p><\/div>\n<\/p><\/div>\n<div class=\"et_pb_row et_pb_row_1\">\n<div class=\"et_pb_column et_pb_column_3_4 et_pb_column_1  et_pb_css_mix_blend_mode_passthrough\">\n<div class=\"et_pb_module et_pb_text et_pb_text_0  et_pb_text_align_justified et_pb_bg_layout_light\">\n<div class=\"et_pb_text_inner\">\n<p dir=\"ltr\">El Ayuntamiento de Tejeda ha alcanzado una puntuaci\u00f3n de<strong> 9,95 sobre 10<\/strong> en la evaluaci\u00f3n de transparencia correspondiente al ejercicio 2025, realizada por el <strong>Comisionado de Transparencia de Canarias.<\/strong> Esta calificaci\u00f3n mejora la nota de <strong>9,82 obtenida en 2024<\/strong> y permite al municipio revalidar, por segundo a\u00f1o consecutivo, una puntuaci\u00f3n de sobresaliente, reafirmando su compromiso con la transparencia, el buen gobierno y el acceso a la informaci\u00f3n p\u00fablica.<\/p>\n<blockquote>\n<p dir=\"ltr\">Este sobresaliente refleja el firme compromiso del Ayuntamiento con la rendici\u00f3n de cuentas, el acceso a la informaci\u00f3n p\u00fablica y la mejora continua de los servicios que se prestan a la ciudadan\u00eda.<\/p>\n<\/blockquote>\n<p dir=\"ltr\">Cabe destacar que este importante avance ha sido posible gracias al trabajo desarrollado desde el \u00e1rea de Transparencia y Ordenanzas, as\u00ed como a la implicaci\u00f3n y el esfuerzo del personal de la instituci\u00f3n, que ha impulsado directamente las acciones y mejoras implementadas durante el \u00faltimo a\u00f1o.<\/p>\n<p dir=\"ltr\">La mejora de la puntuaci\u00f3n respecto a 2024 demuestra que Tejeda contin\u00faa avanzando en la modernizaci\u00f3n de la administraci\u00f3n local, reforzando los principios de cercan\u00eda, buen gobierno y gesti\u00f3n responsable de los recursos p\u00fablicos.<\/p>\n<p dir=\"ltr\">Desde el Ayuntamiento de Tejeda seguimos trabajando para ofrecer una administraci\u00f3n cada vez m\u00e1s abierta, accesible y transparente, manteniendo a la ciudadan\u00eda en el centro de nuestra acci\u00f3n p\u00fablica.<\/p>\n<blockquote>\n<p dir=\"ltr\">Tejeda avanza, mejora y consolida su compromiso con la transparencia, alcanzando en 2025 una excelente calificaci\u00f3n de 9,95 sobre 10, la m\u00e1s alta obtenida por el municipio hasta la fecha.<\/p>\n<\/blockquote>\n<\/div><\/div>\n<\/p><\/div>\n<div class=\"et_pb_column et_pb_column_1_4 et_pb_column_2  et_pb_css_mix_blend_mode_passthrough et-last-child\">\n<div class=\"et_pb_module et_pb_image et_pb_image_1\">\n<p>\t\t\t\t<a href=\"https:\/\/tejeda.eu\/tejeda-revalida-el-sobresaliente-en-transparencia-y-mejora-su-puntuacion-en-2025\/informeevaluaciontransparencia2025-2\/\" target=\"_blank\"><span class=\"et_pb_image_wrap \"><img loading=\"lazy\" decoding=\"async\" width=\"1809\" height=\"2560\" src=\"https:\/\/tejeda.eu\/wp-content\/uploads\/2026\/08\/InformeEvaluacionTransparencia2025-scaled.jpg\" alt=\"\" title=\"Informe de Evaluaci\u00f3n Transparencia 2025\" class=\"wp-image-32449\" \/><\/span><\/a>\n\t\t\t<\/div>\n<div class=\"et_pb_button_module_wrapper et_pb_button_0_wrapper et_pb_button_alignment_center et_pb_module \">\n\t\t\t\t<a class=\"et_pb_button et_pb_button_0 et_pb_bg_layout_light\" href=\"https:\/\/tejeda.eu\/tejeda-revalida-el-sobresaliente-en-transparencia-y-mejora-su-puntuacion-en-2025\/informeevaluaciontransparencia2025-2\/\" target=\"_blank\">Descargar Informe<\/a>\n\t\t\t<\/div>\n<\/p><\/div>\n<\/p><\/div>\n<\/p><\/div>\n<p>eu\u00bb>Ayuntamiento de Tejeda<\/a>.<\/p>\n","protected":false},"excerpt":{"rendered":"<p>El Ayuntamiento de Tejeda ha alcanzado una puntuaci\u00f3n de 9,95 sobre 10 en la evaluaci\u00f3n de transparencia correspondiente al ejercicio 2025, realizada por el Comisionado de Transparencia de Canarias. Esta&hellip;<\/p>\n","protected":false},"author":1,"featured_media":1772,"comment_status":"open","ping_status":"open","sticky":false,"template":"","format":"standard","meta":{"wpai_generated_summary":"","wpai_meta_description":"","footnotes":""},"categories":[139],"tags":[],"class_list":["post-1771","post","type-post","status-publish","format-standard","has-post-thumbnail","hentry","category-ayuntamiento-de-tejeda"],"_links":{"self":[{"href":"https:\/\/nublo.tv\/index.php\/wp-json\/wp\/v2\/posts\/1771","targetHints":{"allow":["GET"]}}],"collection":[{"href":"https:\/\/nublo.tv\/index.php\/wp-json\/wp\/v2\/posts"}],"about":[{"href":"https:\/\/nublo.tv\/index.php\/wp-json\/wp\/v2\/types\/post"}],"author":[{"embeddable":true,"href":"https:\/\/nublo.tv\/index.php\/wp-json\/wp\/v2\/users\/1"}],"replies":[{"embeddable":true,"href":"https:\/\/nublo.tv\/index.php\/wp-json\/wp\/v2\/comments?post=1771"}],"version-history":[{"count":2,"href":"https:\/\/nublo.tv\/index.php\/wp-json\/wp\/v2\/posts\/1771\/revisions"}],"predecessor-version":[{"id":18101,"href":"https:\/\/nublo.tv\/index.php\/wp-json\/wp\/v2\/posts\/1771\/revisions\/18101"}],"wp:featuredmedia":[{"embeddable":true,"href":"https:\/\/nublo.tv\/index.php\/wp-json\/wp\/v2\/media\/1772"}],"wp:attachment":[{"href":"https:\/\/nublo.tv\/index.php\/wp-json\/wp\/v2\/media?parent=1771"}],"wp:term":[{"taxonomy":"category","embeddable":true,"href":"https:\/\/nublo.tv\/index.php\/wp-json\/wp\/v2\/categories?post=1771"},{"taxonomy":"post_tag","embeddable":true,"href":"https:\/\/nublo.tv\/index.php\/wp-json\/wp\/v2\/tags?post=1771"}],"curies":[{"name":"wp","href":"https:\/\/api.w.org\/{rel}","templated":true}]}}