{"id":17760,"date":"2026-08-27T21:55:25","date_gmt":"2026-08-27T20:55:25","guid":{"rendered":"https:\/\/nublo.tv\/?p=17760"},"modified":"2026-08-27T21:55:25","modified_gmt":"2026-08-27T20:55:25","slug":"una-marea-de-jovenes-y-color-toma-barrial-con-los-polvos-holi","status":"publish","type":"post","link":"https:\/\/nublo.tv\/index.php\/2026\/08\/27\/una-marea-de-jovenes-y-color-toma-barrial-con-los-polvos-holi\/","title":{"rendered":"Una marea de j\u00f3venes y color toma Barrial con los Polvos Holi"},"content":{"rendered":"<p>&nbsp;<\/p>\n<p>Barrial vivi\u00f3 este jueves 27 de agosto dentro del programa de fiestas en honor a Nuestra Se\u00f1ora de Los Desamparados, una de sus jornadas m\u00e1s esperadas por la juventud, con los Polvos Holi, una actividad que volvi\u00f3 a llenar de color, m\u00fasica y diversi\u00f3n la cancha del barrio y que cont\u00f3 con una gran participaci\u00f3n de j\u00f3venes.<\/p>\n<p>Desde las 18:00 horas, la cancha de Barrial se convirti\u00f3 en un gran escenario de color, donde los j\u00f3venes disfrutaron de una tarde diferente, marcada por la m\u00fasica, el ambiente festivo y la participaci\u00f3n. Los Polvos Holi volvieron a demostrar su capacidad para reunir a las nuevas generaciones en torno a una propuesta que se ha consolidado como una de las citas m\u00e1s esperadas del programa.<\/p>\n<p>La actividad cont\u00f3 con la animaci\u00f3n de Aithamy DJ, que puso ritmo a una tarde en la que el color fue tomando protagonismo hasta convertir la cancha en una aut\u00e9ntica marea de j\u00f3venes dispuestos a disfrutar de las fiestas entre amigos.<\/p>\n<p>La respuesta volvi\u00f3 a ser multitudinaria y puso de manifiesto la capacidad de convocatoria de esta jornada, concebida espec\u00edficamente para la juventud. Una celebraci\u00f3n que permite disfrutar de las fiestas desde una perspectiva diferente y que cada a\u00f1o consigue sumar a m\u00e1s participantes.<\/p>\n<p>El presidente de la A.V. \u201cAmagro\u201d de Barrial, Pepe Garc\u00eda, destac\u00f3 la respuesta de la juventud: \u201cLos Polvos Holi son una de las jornadas m\u00e1s esperadas y participativas de nuestras fiestas. Un a\u00f1o m\u00e1s hemos visto c\u00f3mo la juventud se ha volcado y ha llenado la cancha de color, de alegr\u00eda y de ganas de disfrutar. Para nosotros es una enorme satisfacci\u00f3n comprobar que los j\u00f3venes hacen suya esta jornada y que se sienten parte de las fiestas de Barrial\u201d.<\/p>\n<p>La celebraci\u00f3n continu\u00f3 a las 20:00 horas en la Plaza Jos\u00e9 Rodr\u00edguez Quintana, donde DJ Airam Vega tom\u00f3 el relevo con una sesi\u00f3n musical que permiti\u00f3 prolongar el ambiente festivo y mantener la participaci\u00f3n juvenil durante la tarde noche.<\/p>\n<p>Pepe Garc\u00eda puso tambi\u00e9n en valor la importancia de que la juventud cuente con su propio espacio dentro del programa festivo: \u201cQueremos que nuestros j\u00f3venes tengan su espacio, que puedan encontrarse, compartir y disfrutar juntos. Esta jornada demuestra que cuando se les ofrece una actividad pensada para ellos, la respuesta es extraordinaria\u201d.<\/p>\n<p>La jornada volvi\u00f3 a poner de manifiesto que la juventud ocupa un lugar destacado en las Fiestas de Barrial y que su participaci\u00f3n resulta fundamental para que las celebraciones contin\u00faen creciendo y renov\u00e1ndose.<\/p>\n<p>Una marea de j\u00f3venes, color y m\u00fasica tom\u00f3 Barrial, convirtiendo los Polvos Holi en una de las im\u00e1genes m\u00e1s festivas de esta semana grande y dejando una nueva muestra de la capacidad de participaci\u00f3n que caracteriza a las fiestas.<\/p>\n<p>Con actividades como esta, Barrial contin\u00faa ofreciendo espacios para todas las generaciones, combinando la tradici\u00f3n que define sus celebraciones con propuestas que permiten a los m\u00e1s j\u00f3venes vivirlas, disfrutarlas y hacerlas tambi\u00e9n suyas.<\/p>\n<p>&nbsp;<\/p>\n","protected":false},"excerpt":{"rendered":"<p>&nbsp; Barrial vivi\u00f3 este jueves 27 de agosto dentro del programa de fiestas en honor a Nuestra Se\u00f1ora de Los Desamparados, una de sus jornadas m\u00e1s esperadas por la juventud, con los Polvos Holi, una actividad que volvi\u00f3 a llenar de color, m\u00fasica y diversi\u00f3n la cancha del barrio y que cont\u00f3 con una gran [&hellip;]<\/p>\n","protected":false},"author":50,"featured_media":17761,"comment_status":"open","ping_status":"open","sticky":false,"template":"","format":"standard","meta":{"wpai_generated_summary":"","wpai_meta_description":"","footnotes":""},"categories":[153],"tags":[],"class_list":["post-17760","post","type-post","status-publish","format-standard","has-post-thumbnail","hentry","category-galdar"],"_links":{"self":[{"href":"https:\/\/nublo.tv\/index.php\/wp-json\/wp\/v2\/posts\/17760","targetHints":{"allow":["GET"]}}],"collection":[{"href":"https:\/\/nublo.tv\/index.php\/wp-json\/wp\/v2\/posts"}],"about":[{"href":"https:\/\/nublo.tv\/index.php\/wp-json\/wp\/v2\/types\/post"}],"author":[{"embeddable":true,"href":"https:\/\/nublo.tv\/index.php\/wp-json\/wp\/v2\/users\/50"}],"replies":[{"embeddable":true,"href":"https:\/\/nublo.tv\/index.php\/wp-json\/wp\/v2\/comments?post=17760"}],"version-history":[{"count":1,"href":"https:\/\/nublo.tv\/index.php\/wp-json\/wp\/v2\/posts\/17760\/revisions"}],"predecessor-version":[{"id":17762,"href":"https:\/\/nublo.tv\/index.php\/wp-json\/wp\/v2\/posts\/17760\/revisions\/17762"}],"wp:featuredmedia":[{"embeddable":true,"href":"https:\/\/nublo.tv\/index.php\/wp-json\/wp\/v2\/media\/17761"}],"wp:attachment":[{"href":"https:\/\/nublo.tv\/index.php\/wp-json\/wp\/v2\/media?parent=17760"}],"wp:term":[{"taxonomy":"category","embeddable":true,"href":"https:\/\/nublo.tv\/index.php\/wp-json\/wp\/v2\/categories?post=17760"},{"taxonomy":"post_tag","embeddable":true,"href":"https:\/\/nublo.tv\/index.php\/wp-json\/wp\/v2\/tags?post=17760"}],"curies":[{"name":"wp","href":"https:\/\/api.w.org\/{rel}","templated":true}]}}