{"id":1777,"date":"2026-08-06T10:45:53","date_gmt":"2026-08-06T09:45:53","guid":{"rendered":"http:\/\/nublo.tv\/?p=1777"},"modified":"2026-08-27T12:35:25","modified_gmt":"2026-08-27T11:35:25","slug":"licitacion-de-las-obras-de-la-nueva-via-y-los-aparcamientos-que-mejoraran-el-acceso-a-los-centros-educativos-y-deportivos","status":"publish","type":"post","link":"https:\/\/nublo.tv\/index.php\/2026\/08\/06\/licitacion-de-las-obras-de-la-nueva-via-y-los-aparcamientos-que-mejoraran-el-acceso-a-los-centros-educativos-y-deportivos\/","title":{"rendered":"Licitaci\u00f3n de las obras de la nueva v\u00eda y los aparcamientos que mejorar\u00e1n el acceso a los centros educativos y deportivos"},"content":{"rendered":"<p class=\"western\" lang=\"es-ES-u-co-trad\" align=\"justify\"><strong> <span lang=\"es-ES\">La actuaci\u00f3n, dividida en dos lotes y con un presupuesto de 664.830,79 euros, permitir\u00e1 reforzar la seguridad vial, la movilidad y la accesibilidad en uno de los principales n\u00facleos de equipamientos p\u00fablicos del municipio.<\/span><\/strong><\/p>\n<p class=\"western\" lang=\"es-ES-u-co-trad\" align=\"justify\"><strong>El plazo de presentaci\u00f3n de ofertas permanecer\u00e1 abierto hasta el 6 de agosto.<\/strong><\/p>\n<p class=\"western\" lang=\"es-ES-u-co-trad\" align=\"justify\"><span lang=\"es-ES\">El Ayuntamiento ha sacado a licitaci\u00f3n el contrato de obras para la ejecuci\u00f3n del proyecto <\/span><span lang=\"es-ES\">\u00abNueva v\u00eda y aparcamientos para la mejora del acceso a los centros educativos y deportivos, T.M. de Valleseco \u2013 Fase I\u00bb<\/span><span lang=\"es-ES\">, una actuaci\u00f3n estrat\u00e9gica destinada a mejorar la conectividad, la seguridad y la funcionalidad del entorno donde se concentran algunos de los principales servicios p\u00fablicos del municipio.<\/span><\/p>\n<p class=\"western\" lang=\"es-ES-u-co-trad\" align=\"justify\"><span lang=\"es-ES\">La licitaci\u00f3n se tramita mediante\u00a0<\/span><span lang=\"es-ES\">procedimiento abierto simplificado<\/span><span lang=\"es-ES\">, con varios criterios de adjudicaci\u00f3n evaluables mediante f\u00f3rmulas matem\u00e1ticas y tramitaci\u00f3n ordinaria, dividi\u00e9ndose en dos lotes diferenciados:\u00a0<\/span><span lang=\"es-ES\">Lote 1 (Aparcamientos) <\/span><span lang=\"es-ES\">y\u00a0<\/span><span lang=\"es-ES\">Lote 2 (Vial)<\/span><span lang=\"es-ES\">.<\/span><\/p>\n<p class=\"western\" lang=\"es-ES-u-co-trad\" align=\"justify\"><span lang=\"es-ES\">El presupuesto base de licitaci\u00f3n asciende a\u00a0<\/span><span lang=\"es-ES\">664.830,79 euros<\/span><span lang=\"es-ES\">, IGIC incluido, mientras que el valor estimado del contrato alcanza los\u00a0<\/span><span lang=\"es-ES\">621.337,19 euros<\/span><span lang=\"es-ES\">, excluido el impuesto. El plazo previsto para la ejecuci\u00f3n de las obras ser\u00e1 de\u00a0<\/span><span lang=\"es-ES\">tres meses <\/span><span lang=\"es-ES\">desde la firma del acta de comprobaci\u00f3n del replanteo.<\/span><\/p>\n<p class=\"western\" lang=\"es-ES-u-co-trad\" align=\"justify\"><span lang=\"es-ES\">La actuaci\u00f3n permitir\u00e1 crear una nueva v\u00eda de comunicaci\u00f3n y nuevas zonas de estacionamiento que facilitar\u00e1n el acceso a la es<\/span><span lang=\"es-ES\">cuela infantil La Escuelita<\/span><span lang=\"es-ES\">, el\u00a0<\/span><span lang=\"es-ES\">CEO Valleseco<\/span><span lang=\"es-ES\">, el p<\/span><span lang=\"es-ES\">abell\u00f3n polideportivo<\/span><span lang=\"es-ES\">, la p<\/span><span lang=\"es-ES\">iscina <\/span><span lang=\"es-ES\">y la p<\/span><span lang=\"es-ES\">ista de p\u00e1del<\/span><span lang=\"es-ES\">, mejorando tanto la circulaci\u00f3n rodada como la movilidad peatonal en una de las \u00e1reas con mayor afluencia diaria de vecinos, alumnado, familias y usuarios de instalaciones deportivas.<\/span><\/p>\n<p class=\"western\" lang=\"es-ES-u-co-trad\" align=\"justify\">El contrato se estructura en dos lotes con los siguientes importes:<\/p>\n<ul>\n<li>\n<p class=\"western\" lang=\"es-ES-u-co-trad\" align=\"justify\"><span lang=\"es-ES\">Lote 1. Aparcamientos:<\/span><span lang=\"es-ES\">\u00a0342.391,18 euros (IGIC incluido).<\/span><\/p>\n<\/li>\n<li>\n<p class=\"western\" lang=\"es-ES-u-co-trad\" align=\"justify\"><span lang=\"es-ES\">Lote 2. Vial:<\/span><span lang=\"es-ES\">\u00a0322.439,61 euros (IGIC incluido).<\/span><\/p>\n<\/li>\n<\/ul>\n<p class=\"western\" lang=\"es-ES-u-co-trad\" align=\"justify\"><span lang=\"es-ES\">La financiaci\u00f3n del proyecto cuenta con la participaci\u00f3n del\u00a0<\/span><span lang=\"es-ES\">Cabildo de Gran Canaria<\/span><span lang=\"es-ES\">, a trav\u00e9s de la Consejer\u00eda de Cooperaci\u00f3n Institucional y Solidaridad Internacional, del\u00a0<\/span><span lang=\"es-ES\">Gobierno de Canarias<\/span><span lang=\"es-ES\">, mediante la Consejer\u00eda de Obras P\u00fablicas, Vivienda y Movilidad, y del propio\u00a0<\/span><span lang=\"es-ES\">Ayuntamiento de Valleseco<\/span><span lang=\"es-ES\">, fruto de la colaboraci\u00f3n entre administraciones para impulsar inversiones que contribuyan a mejorar las infraestructuras municipales y la calidad de vida de la la poblaci\u00f3n.<\/span><\/p>\n<p class=\"western\" lang=\"es-ES-u-co-trad\" align=\"justify\">Con esta intervenci\u00f3n, el Ayuntamiento contin\u00faa avanzando en la modernizaci\u00f3n de las infraestructuras p\u00fablicas del municipio, priorizando actuaciones que incrementen la seguridad vial, faciliten la movilidad y respondan al crecimiento de la actividad educativa y deportiva que registra esta zona del casco urbano.<\/p>\n<p class=\"western\" lang=\"es-ES-u-co-trad\" align=\"justify\"><span lang=\"es-ES\">Las empresas interesadas podr\u00e1n presentar sus ofertas hasta el\u00a0<\/span><span lang=\"es-ES\">6 de agosto de 2026<\/span><span lang=\"es-ES\">, mientras que la apertura de las proposiciones econ\u00f3micas est\u00e1 prevista para el\u00a0<\/span><span lang=\"es-ES\">19 de agosto de 2026<\/span><span lang=\"es-ES\">, conforme al calendario establecido en el procedimiento de contrataci\u00f3n.<\/span><\/p>\n","protected":false},"excerpt":{"rendered":"<p>La actuaci\u00f3n, dividida en dos lotes y con un presupuesto de 664.830,79 euros, permitir\u00e1 reforzar la seguridad vial, la movilidad y la accesibilidad en uno de los principales n\u00facleos de&hellip;<\/p>\n","protected":false},"author":1,"featured_media":1778,"comment_status":"open","ping_status":"open","sticky":false,"template":"","format":"standard","meta":{"wpai_generated_summary":"","wpai_meta_description":"","footnotes":""},"categories":[143],"tags":[],"class_list":["post-1777","post","type-post","status-publish","format-standard","has-post-thumbnail","hentry","category-ayuntamiento-de-valleseco"],"_links":{"self":[{"href":"https:\/\/nublo.tv\/index.php\/wp-json\/wp\/v2\/posts\/1777","targetHints":{"allow":["GET"]}}],"collection":[{"href":"https:\/\/nublo.tv\/index.php\/wp-json\/wp\/v2\/posts"}],"about":[{"href":"https:\/\/nublo.tv\/index.php\/wp-json\/wp\/v2\/types\/post"}],"author":[{"embeddable":true,"href":"https:\/\/nublo.tv\/index.php\/wp-json\/wp\/v2\/users\/1"}],"replies":[{"embeddable":true,"href":"https:\/\/nublo.tv\/index.php\/wp-json\/wp\/v2\/comments?post=1777"}],"version-history":[{"count":1,"href":"https:\/\/nublo.tv\/index.php\/wp-json\/wp\/v2\/posts\/1777\/revisions"}],"predecessor-version":[{"id":1788,"href":"https:\/\/nublo.tv\/index.php\/wp-json\/wp\/v2\/posts\/1777\/revisions\/1788"}],"wp:featuredmedia":[{"embeddable":true,"href":"https:\/\/nublo.tv\/index.php\/wp-json\/wp\/v2\/media\/1778"}],"wp:attachment":[{"href":"https:\/\/nublo.tv\/index.php\/wp-json\/wp\/v2\/media?parent=1777"}],"wp:term":[{"taxonomy":"category","embeddable":true,"href":"https:\/\/nublo.tv\/index.php\/wp-json\/wp\/v2\/categories?post=1777"},{"taxonomy":"post_tag","embeddable":true,"href":"https:\/\/nublo.tv\/index.php\/wp-json\/wp\/v2\/tags?post=1777"}],"curies":[{"name":"wp","href":"https:\/\/api.w.org\/{rel}","templated":true}]}}