{"id":17779,"date":"2026-08-28T08:52:30","date_gmt":"2026-08-28T07:52:30","guid":{"rendered":"https:\/\/nublo.tv\/?p=17779"},"modified":"2026-08-28T08:52:30","modified_gmt":"2026-08-28T07:52:30","slug":"telde-convoca-una-concentracion-en-apoyo-a-ceuta-el-2-de-septiembre-a-llamamiento-de-la-femp","status":"publish","type":"post","link":"https:\/\/nublo.tv\/index.php\/2026\/08\/28\/telde-convoca-una-concentracion-en-apoyo-a-ceuta-el-2-de-septiembre-a-llamamiento-de-la-femp\/","title":{"rendered":"Telde convoca una concentraci\u00f3n en apoyo a Ceuta el 2 de septiembre a llamamiento de la FEMP"},"content":{"rendered":"<p><strong>El Ayuntamiento de Telde se ha sumado al llamamiento de la Federaci\u00f3n Espa\u00f1ola de Municipios y Provincias (FEMP) para mostrar su solidaridad con Ceuta y convocar\u00e1 una concentraci\u00f3n el pr\u00f3ximo mi\u00e9rcoles 2 de septiembre, a las 19:00 horas, en la Plaza de San Juan.<\/strong><\/p>\n<p>El acto, abierto a la ciudadan\u00eda, representantes institucionales, colectivos y entidades, coincide con la celebraci\u00f3n del D\u00eda de Ceuta. La iniciativa forma parte de una propuesta de la FEMP para que municipios de todo el pa\u00eds expresen de forma simult\u00e1nea su respaldo a los habitantes de la ciudad aut\u00f3noma ante la situaci\u00f3n que atraviesan.<\/p>\n<p>Desde la organizaci\u00f3n se ha dispuesto la Plaza de San Juan como punto de encuentro para el desarrollo de esta convocatoria, a la que se prev\u00e9 dar un car\u00e1cter institucional, c\u00edvico, pac\u00edfico y respetuoso.<\/p>\n<p>Con su adhesi\u00f3n a este llamamiento, Telde se suma a otros ayuntamientos de Espa\u00f1a que participar\u00e1n en la jornada para hacer llegar a la poblaci\u00f3n ceut\u00ed un mensaje de apoyo y unidad desde el \u00e1mbito local.<\/p>\n","protected":false},"excerpt":{"rendered":"<p>https:\/\/www.telde.es\/wp-content\/uploads\/2026\/08\/noticia698.jpgTelde, 27 de agosto de 2026.- El Ayuntamiento de Telde se suma al llamamiento realizado por la Federaci\u00f3n Espa\u00f1ola de Municipios y Provincias (FEMP) para mostrar el apoyo y la&hellip;<\/p>\n","protected":false},"author":1,"featured_media":17792,"comment_status":"open","ping_status":"open","sticky":false,"template":"","format":"standard","meta":{"wpai_generated_summary":"","wpai_meta_description":"","footnotes":""},"categories":[140],"tags":[],"class_list":["post-17779","post","type-post","status-publish","format-standard","has-post-thumbnail","hentry","category-ayuntamiento-de-telde"],"_links":{"self":[{"href":"https:\/\/nublo.tv\/index.php\/wp-json\/wp\/v2\/posts\/17779","targetHints":{"allow":["GET"]}}],"collection":[{"href":"https:\/\/nublo.tv\/index.php\/wp-json\/wp\/v2\/posts"}],"about":[{"href":"https:\/\/nublo.tv\/index.php\/wp-json\/wp\/v2\/types\/post"}],"author":[{"embeddable":true,"href":"https:\/\/nublo.tv\/index.php\/wp-json\/wp\/v2\/users\/1"}],"replies":[{"embeddable":true,"href":"https:\/\/nublo.tv\/index.php\/wp-json\/wp\/v2\/comments?post=17779"}],"version-history":[{"count":2,"href":"https:\/\/nublo.tv\/index.php\/wp-json\/wp\/v2\/posts\/17779\/revisions"}],"predecessor-version":[{"id":17794,"href":"https:\/\/nublo.tv\/index.php\/wp-json\/wp\/v2\/posts\/17779\/revisions\/17794"}],"wp:featuredmedia":[{"embeddable":true,"href":"https:\/\/nublo.tv\/index.php\/wp-json\/wp\/v2\/media\/17792"}],"wp:attachment":[{"href":"https:\/\/nublo.tv\/index.php\/wp-json\/wp\/v2\/media?parent=17779"}],"wp:term":[{"taxonomy":"category","embeddable":true,"href":"https:\/\/nublo.tv\/index.php\/wp-json\/wp\/v2\/categories?post=17779"},{"taxonomy":"post_tag","embeddable":true,"href":"https:\/\/nublo.tv\/index.php\/wp-json\/wp\/v2\/tags?post=17779"}],"curies":[{"name":"wp","href":"https:\/\/api.w.org\/{rel}","templated":true}]}}