{"id":17798,"date":"2026-08-28T14:47:06","date_gmt":"2026-08-28T13:47:06","guid":{"rendered":"https:\/\/nublo.tv\/?p=17798"},"modified":"2026-08-28T14:47:06","modified_gmt":"2026-08-28T13:47:06","slug":"el-ayuntamiento-de-galdar-coloca-14-mesas-en-el-cementerio-para-preparar-centros-florales","status":"publish","type":"post","link":"https:\/\/nublo.tv\/index.php\/2026\/08\/28\/el-ayuntamiento-de-galdar-coloca-14-mesas-en-el-cementerio-para-preparar-centros-florales\/","title":{"rendered":"El Ayuntamiento de G\u00e1ldar coloca 14 mesas en el cementerio para preparar centros florales"},"content":{"rendered":"<p><strong>El Ayuntamiento de G\u00e1ldar ha instalado 14 mesas en el cementerio municipal de San Isidro para facilitar la preparaci\u00f3n de centros de flores a los visitantes.<\/strong><\/p>\n<p>Las estructuras se han distribuido en varios puntos del camposanto e incluyen cuatro moldes adaptados a las medidas de los recipientes utilizados en el recinto.<\/p>\n<p>La concejala de Cementerio, Idaira Mateos, visit\u00f3 las instalaciones junto a Teodoro Sosa para supervisar su colocaci\u00f3n. Durante la visita, agradeci\u00f3 \u00aba la Concejal\u00eda de Deportes y a su concejal, Ancor Bola\u00f1os, por el trabajo realizado por el personal del \u00e1rea para habilitar estos espacios\u00bb.<\/p>\n<p>Mateos destac\u00f3 que las mesas facilitar\u00e1n una tarea que \u00abmuchas personas realizan con especial cari\u00f1o y dedicaci\u00f3n cuando acuden al cementerio para mantener viva la memoria de sus seres queridos\u00bb.<\/p>\n","protected":false},"excerpt":{"rendered":"<p>El Ayuntamiento de G\u00e1ldar ha habilitado en el cementerio municipal de San Isidro mesas de trabajo en los que los usuarios puedan preparar sus centros de flores. Se trata de&hellip;<\/p>\n","protected":false},"author":1,"featured_media":17881,"comment_status":"open","ping_status":"open","sticky":false,"template":"","format":"standard","meta":{"wpai_generated_summary":"","wpai_meta_description":"","footnotes":""},"categories":[129],"tags":[],"class_list":["post-17798","post","type-post","status-publish","format-standard","has-post-thumbnail","hentry","category-ayuntamiento-de-galdar"],"_links":{"self":[{"href":"https:\/\/nublo.tv\/index.php\/wp-json\/wp\/v2\/posts\/17798","targetHints":{"allow":["GET"]}}],"collection":[{"href":"https:\/\/nublo.tv\/index.php\/wp-json\/wp\/v2\/posts"}],"about":[{"href":"https:\/\/nublo.tv\/index.php\/wp-json\/wp\/v2\/types\/post"}],"author":[{"embeddable":true,"href":"https:\/\/nublo.tv\/index.php\/wp-json\/wp\/v2\/users\/1"}],"replies":[{"embeddable":true,"href":"https:\/\/nublo.tv\/index.php\/wp-json\/wp\/v2\/comments?post=17798"}],"version-history":[{"count":4,"href":"https:\/\/nublo.tv\/index.php\/wp-json\/wp\/v2\/posts\/17798\/revisions"}],"predecessor-version":[{"id":17880,"href":"https:\/\/nublo.tv\/index.php\/wp-json\/wp\/v2\/posts\/17798\/revisions\/17880"}],"wp:featuredmedia":[{"embeddable":true,"href":"https:\/\/nublo.tv\/index.php\/wp-json\/wp\/v2\/media\/17881"}],"wp:attachment":[{"href":"https:\/\/nublo.tv\/index.php\/wp-json\/wp\/v2\/media?parent=17798"}],"wp:term":[{"taxonomy":"category","embeddable":true,"href":"https:\/\/nublo.tv\/index.php\/wp-json\/wp\/v2\/categories?post=17798"},{"taxonomy":"post_tag","embeddable":true,"href":"https:\/\/nublo.tv\/index.php\/wp-json\/wp\/v2\/tags?post=17798"}],"curies":[{"name":"wp","href":"https:\/\/api.w.org\/{rel}","templated":true}]}}