{"id":178,"date":"2026-08-04T17:35:23","date_gmt":"2026-08-04T16:35:23","guid":{"rendered":"https:\/\/nublo.tv\/?p=178"},"modified":"2026-08-04T17:35:23","modified_gmt":"2026-08-04T16:35:23","slug":"el-ayuntamiento-celebra-este-jueves-el-pleno-ordinario-de-julio","status":"publish","type":"post","link":"https:\/\/nublo.tv\/index.php\/2026\/08\/04\/el-ayuntamiento-celebra-este-jueves-el-pleno-ordinario-de-julio\/","title":{"rendered":"El Ayuntamiento celebra este jueves el pleno ordinario de julio"},"content":{"rendered":"<p><strong>El Ayuntamiento de Santa Br\u00edgida<\/strong>\u00a0celebra este jueves 30, a las 18:00 horas, su sesi\u00f3n plenaria ordinaria correspondiente al mes de julio. La convocatoria se desarrollar\u00e1 en el\u00a0Sal\u00f3n de Plenos\u00a0del consistorio con los siguientes puntos en el orden del d\u00eda:<\/p>\n<p>A.1. Aprobaci\u00f3n del acta de la sesi\u00f3n anterior<\/p>\n<p>A.2. Asuntos dictaminados por las Comisiones Informativas:<\/p>\n<p>Los temas urgentes, as\u00ed como los ruegos y preguntas, cerrar\u00e1n la sesi\u00f3n plenaria.<\/p>\n","protected":false},"excerpt":{"rendered":"<p>El Ayuntamiento de Santa Br\u00edgida\u00a0celebra este jueves 30, a las 18:00 horas, su sesi\u00f3n plenaria ordinaria correspondiente al mes de julio. La convocatoria se desarrollar\u00e1 en el\u00a0Sal\u00f3n de Plenos\u00a0del consistorio&hellip;<\/p>\n","protected":false},"author":17,"featured_media":179,"comment_status":"open","ping_status":"open","sticky":false,"template":"","format":"standard","meta":{"wpai_generated_summary":"","wpai_meta_description":"","footnotes":""},"categories":[136],"tags":[],"class_list":["post-178","post","type-post","status-publish","format-standard","has-post-thumbnail","hentry","category-ayuntamiento-de-santa-brigida"],"_links":{"self":[{"href":"https:\/\/nublo.tv\/index.php\/wp-json\/wp\/v2\/posts\/178","targetHints":{"allow":["GET"]}}],"collection":[{"href":"https:\/\/nublo.tv\/index.php\/wp-json\/wp\/v2\/posts"}],"about":[{"href":"https:\/\/nublo.tv\/index.php\/wp-json\/wp\/v2\/types\/post"}],"author":[{"embeddable":true,"href":"https:\/\/nublo.tv\/index.php\/wp-json\/wp\/v2\/users\/17"}],"replies":[{"embeddable":true,"href":"https:\/\/nublo.tv\/index.php\/wp-json\/wp\/v2\/comments?post=178"}],"version-history":[{"count":1,"href":"https:\/\/nublo.tv\/index.php\/wp-json\/wp\/v2\/posts\/178\/revisions"}],"predecessor-version":[{"id":510,"href":"https:\/\/nublo.tv\/index.php\/wp-json\/wp\/v2\/posts\/178\/revisions\/510"}],"wp:featuredmedia":[{"embeddable":true,"href":"https:\/\/nublo.tv\/index.php\/wp-json\/wp\/v2\/media\/179"}],"wp:attachment":[{"href":"https:\/\/nublo.tv\/index.php\/wp-json\/wp\/v2\/media?parent=178"}],"wp:term":[{"taxonomy":"category","embeddable":true,"href":"https:\/\/nublo.tv\/index.php\/wp-json\/wp\/v2\/categories?post=178"},{"taxonomy":"post_tag","embeddable":true,"href":"https:\/\/nublo.tv\/index.php\/wp-json\/wp\/v2\/tags?post=178"}],"curies":[{"name":"wp","href":"https:\/\/api.w.org\/{rel}","templated":true}]}}