{"id":17806,"date":"2026-08-28T14:47:11","date_gmt":"2026-08-28T13:47:11","guid":{"rendered":"https:\/\/nublo.tv\/?p=17806"},"modified":"2026-08-28T14:47:11","modified_gmt":"2026-08-28T13:47:11","slug":"el-museo-agaldar-exhibe-la-tradicion-alfarera-de-gran-canaria-en-una-nueva-exposicion","status":"publish","type":"post","link":"https:\/\/nublo.tv\/index.php\/2026\/08\/28\/el-museo-agaldar-exhibe-la-tradicion-alfarera-de-gran-canaria-en-una-nueva-exposicion\/","title":{"rendered":"El Museo Ag\u00e1ldar exhibe la tradici\u00f3n alfarera de Gran Canaria en una nueva exposici\u00f3n"},"content":{"rendered":"<p><strong>El Museo Ag\u00e1ldar inaugurar\u00e1 el pr\u00f3ximo 3 de septiembre, a las 12:00 horas, la exposici\u00f3n \u2018Las manos que hac\u00edan la loza\u2019, una muestra del artista Iv\u00e1n Quintana centrada en la alfarer\u00eda tradicional de Gran Canaria.<\/strong><\/p>\n<p>La exposici\u00f3n re\u00fane piezas de los cuatro principales centros loceros de la isla: La Atalaya de Santa Br\u00edgida, Lugarejos, Tunte y Hoya de Pineda, en G\u00e1ldar. A trav\u00e9s de estas obras, se busca destacar una de las manifestaciones artesanales m\u00e1s arraigadas en la historia y cultura popular grancanaria.<\/p>\n<h3>Recorrido por la tradici\u00f3n alfarera<\/h3>\n<p>Seg\u00fan explica Iv\u00e1n Quintana, la colecci\u00f3n incluye piezas representativas de la loza tradicional, mostrando la variedad de objetos elaborados por las loceras y su relaci\u00f3n con la vida cotidiana en las median\u00edas y zonas de cumbre. El objetivo es acercar al p\u00fablico los elementos fabricados para el uso diario, recuperando un patrimonio vinculado al conocimiento, la tradici\u00f3n y la identidad insular.<\/p>\n<h3>Homenaje a las artesanas<\/h3>\n<p>La exposici\u00f3n tambi\u00e9n sirve para visibilizar la importancia de Hoya de Pineda como hist\u00f3rico centro de producci\u00f3n alfarera y reconocer el trabajo de las mujeres que mantuvieron viva esta tradici\u00f3n generaci\u00f3n tras generaci\u00f3n. La muestra podr\u00e1 visitarse en el Museo Ag\u00e1ldar desde su inauguraci\u00f3n hasta el 4 de octubre.<\/p>\n","protected":false},"excerpt":{"rendered":"<p>El Museo Ag\u00e1ldar acoger\u00e1 el pr\u00f3ximo 3 de septiembre, a las 12:00 horas, la inauguraci\u00f3n de la exposici\u00f3n \u2018Las manos que hac\u00edan la loza\u2019, una muestra del artista multidisciplinar Iv\u00e1n&hellip;<\/p>\n","protected":false},"author":1,"featured_media":17883,"comment_status":"open","ping_status":"open","sticky":false,"template":"","format":"standard","meta":{"wpai_generated_summary":"","wpai_meta_description":"","footnotes":""},"categories":[129],"tags":[],"class_list":["post-17806","post","type-post","status-publish","format-standard","has-post-thumbnail","hentry","category-ayuntamiento-de-galdar"],"_links":{"self":[{"href":"https:\/\/nublo.tv\/index.php\/wp-json\/wp\/v2\/posts\/17806","targetHints":{"allow":["GET"]}}],"collection":[{"href":"https:\/\/nublo.tv\/index.php\/wp-json\/wp\/v2\/posts"}],"about":[{"href":"https:\/\/nublo.tv\/index.php\/wp-json\/wp\/v2\/types\/post"}],"author":[{"embeddable":true,"href":"https:\/\/nublo.tv\/index.php\/wp-json\/wp\/v2\/users\/1"}],"replies":[{"embeddable":true,"href":"https:\/\/nublo.tv\/index.php\/wp-json\/wp\/v2\/comments?post=17806"}],"version-history":[{"count":4,"href":"https:\/\/nublo.tv\/index.php\/wp-json\/wp\/v2\/posts\/17806\/revisions"}],"predecessor-version":[{"id":17882,"href":"https:\/\/nublo.tv\/index.php\/wp-json\/wp\/v2\/posts\/17806\/revisions\/17882"}],"wp:featuredmedia":[{"embeddable":true,"href":"https:\/\/nublo.tv\/index.php\/wp-json\/wp\/v2\/media\/17883"}],"wp:attachment":[{"href":"https:\/\/nublo.tv\/index.php\/wp-json\/wp\/v2\/media?parent=17806"}],"wp:term":[{"taxonomy":"category","embeddable":true,"href":"https:\/\/nublo.tv\/index.php\/wp-json\/wp\/v2\/categories?post=17806"},{"taxonomy":"post_tag","embeddable":true,"href":"https:\/\/nublo.tv\/index.php\/wp-json\/wp\/v2\/tags?post=17806"}],"curies":[{"name":"wp","href":"https:\/\/api.w.org\/{rel}","templated":true}]}}