{"id":17808,"date":"2026-08-28T14:47:21","date_gmt":"2026-08-28T13:47:21","guid":{"rendered":"https:\/\/nublo.tv\/?p=17808"},"modified":"2026-08-28T14:47:21","modified_gmt":"2026-08-28T13:47:21","slug":"el-velatorio-de-carrizal-reabre-tras-el-robo-de-cableado-del-18-de-agosto","status":"publish","type":"post","link":"https:\/\/nublo.tv\/index.php\/2026\/08\/28\/el-velatorio-de-carrizal-reabre-tras-el-robo-de-cableado-del-18-de-agosto\/","title":{"rendered":"El Velatorio de Carrizal reabre tras el robo de cableado del 18 de agosto"},"content":{"rendered":"<p><strong>El Velatorio de Carrizal, en Ingenio, ha reanudado su actividad tras el robo de cableado sufrido la noche del 18 de agosto, cuando los autores accedieron al edificio desde la obra del CEPA.<\/strong><\/p>\n<p>Los servicios municipales activaron un plan de reparaci\u00f3n urgente para restablecer la operativa del recinto. Tras una semana de trabajos, el sistema de aire acondicionado ha quedado restablecido, lo que permite a las empresas funerarias prestar servicios mediante tapas frigor\u00edficas mientras concluyen las reparaciones integrales.<\/p>\n<h3>Reparaciones en curso<\/h3>\n<p>De manera paralela, se avanza en los trabajos para poner en funcionamiento las c\u00e1maras de los t\u00famulos con la mayor brevedad posible. Ya se ha encargado la sustituci\u00f3n completa de la maquinaria da\u00f1ada para recuperar la totalidad del equipamiento t\u00e9cnico.<\/p>\n<h3>Medidas de seguridad<\/h3>\n<p>Se ha reforzado la seguridad del recinto con un incremento de la presencia policial y la mejora del vallado perimetral para evitar nuevos incidentes. El Ayuntamiento ha lamentado los inconvenientes ocasionados y ha agradecido la comprensi\u00f3n de los vecinos.<\/p>\n","protected":false},"excerpt":{"rendered":"<p>El Ayuntamiento de Ingenio informa que el Velatorio de Carrizal ha recuperado su actividad habitual despu\u00e9s del robo registrado durante la noche del 18 de agosto, cuando los autores accedieron&hellip;<\/p>\n","protected":false},"author":1,"featured_media":17887,"comment_status":"open","ping_status":"open","sticky":false,"template":"","format":"standard","meta":{"wpai_generated_summary":"","wpai_meta_description":"","footnotes":""},"categories":[130],"tags":[],"class_list":["post-17808","post","type-post","status-publish","format-standard","has-post-thumbnail","hentry","category-ayuntamiento-de-ingenio"],"_links":{"self":[{"href":"https:\/\/nublo.tv\/index.php\/wp-json\/wp\/v2\/posts\/17808","targetHints":{"allow":["GET"]}}],"collection":[{"href":"https:\/\/nublo.tv\/index.php\/wp-json\/wp\/v2\/posts"}],"about":[{"href":"https:\/\/nublo.tv\/index.php\/wp-json\/wp\/v2\/types\/post"}],"author":[{"embeddable":true,"href":"https:\/\/nublo.tv\/index.php\/wp-json\/wp\/v2\/users\/1"}],"replies":[{"embeddable":true,"href":"https:\/\/nublo.tv\/index.php\/wp-json\/wp\/v2\/comments?post=17808"}],"version-history":[{"count":3,"href":"https:\/\/nublo.tv\/index.php\/wp-json\/wp\/v2\/posts\/17808\/revisions"}],"predecessor-version":[{"id":17886,"href":"https:\/\/nublo.tv\/index.php\/wp-json\/wp\/v2\/posts\/17808\/revisions\/17886"}],"wp:featuredmedia":[{"embeddable":true,"href":"https:\/\/nublo.tv\/index.php\/wp-json\/wp\/v2\/media\/17887"}],"wp:attachment":[{"href":"https:\/\/nublo.tv\/index.php\/wp-json\/wp\/v2\/media?parent=17808"}],"wp:term":[{"taxonomy":"category","embeddable":true,"href":"https:\/\/nublo.tv\/index.php\/wp-json\/wp\/v2\/categories?post=17808"},{"taxonomy":"post_tag","embeddable":true,"href":"https:\/\/nublo.tv\/index.php\/wp-json\/wp\/v2\/tags?post=17808"}],"curies":[{"name":"wp","href":"https:\/\/api.w.org\/{rel}","templated":true}]}}