{"id":1781,"date":"2026-08-06T10:45:53","date_gmt":"2026-08-06T09:45:53","guid":{"rendered":"http:\/\/nublo.tv\/?p=1781"},"modified":"2026-08-27T12:35:26","modified_gmt":"2026-08-27T11:35:26","slug":"modernizacion-del-mercado-ecologico-con-una-subvencion-de-8-000-euros-del-gobierno-de-canarias","status":"publish","type":"post","link":"https:\/\/nublo.tv\/index.php\/2026\/08\/06\/modernizacion-del-mercado-ecologico-con-una-subvencion-de-8-000-euros-del-gobierno-de-canarias\/","title":{"rendered":"Modernizaci\u00f3n del Mercado Ecol\u00f3gico con una subvenci\u00f3n de 8.000 euros del Gobierno de Canarias"},"content":{"rendered":"<p class=\"western\" align=\"justify\"><strong>La actuaci\u00f3n, con una inversi\u00f3n total de 10.000 euros, renueva el mobiliario, incorpora un jard\u00edn vertical y mejora la imagen y funcionalidad de este espacio de referencia para el comercio rural.<\/strong><\/p>\n<p class=\"western\" align=\"justify\">El Ayuntamiento de Valleseco ha ejecutado la modernizaci\u00f3n del Mercado Ecol\u00f3gico gracias a una subvenci\u00f3n de\u00a08.000 euros\u00a0concedida dentro de la convocatoria de\u00a0Subvenciones a proyectos de mejora de los mercados tradicionales de Canarias y otras actuaciones de apoyo al comercio rural, anualidad 2025, impulsada por la\u00a0Direcci\u00f3n General de Comercio y Consumo de la Consejer\u00eda de Turismo, Industria y Comercio del Gobierno de Canarias. La inversi\u00f3n total del proyecto asciende a\u00a010.000 euros, de los que el Consistorio aporta\u00a02.000 euros\u00a0con fondos municipales.<\/p>\n<p class=\"western\" align=\"justify\">Esta l\u00ednea de ayudas tiene como finalidad aumentar la competitividad y el valor a\u00f1adido de los productos producidos y transformados en Canarias mediante actuaciones dirigidas a la mejora, gesti\u00f3n, promoci\u00f3n y dinamizaci\u00f3n de los mercados tradicionales, considerados espacios estrat\u00e9gicos para el desarrollo econ\u00f3mico y el fortalecimiento del comercio rural.<\/p>\n<p class=\"western\" align=\"justify\">La actuaci\u00f3n ejecutada ha permitido renovar el mobiliario del Mercado Ecol\u00f3gico, sustituyendo los elementos que presentaban un importante deterioro debido al paso del tiempo. En concreto, se ha instalado un\u00a0jard\u00edn vertical de 2,24 x 2,35 metros con logotipo corp\u00f3reo en madera e iluminaci\u00f3n integrada, adem\u00e1s de\u00a0cuatro mesas altas,\u00a0doce butacas,\u00a0siete mesas bajas,\u00a0cinco mesas auxiliares de 70 x 70 cent\u00edmetros\u00a0y\u00a048 sillas, creando un espacio m\u00e1s c\u00f3modo, funcional y atractivo para productores, consumidores y visitantes. La intervenci\u00f3n tambi\u00e9n ha contemplado la mejora de la decoraci\u00f3n y la renovaci\u00f3n de la carteler\u00eda y se\u00f1alizaci\u00f3n del recinto, reforzando la imagen del mercado y adaptando sus instalaciones a las necesidades actuales.<\/p>\n<p class=\"western\" align=\"justify\">El alcalde de Valleseco,\u00a0Jos\u00e9 Luis Rodr\u00edguez Quintana, destaca que \u00abesta actuaci\u00f3n mejora un espacio que se ha consolidado como referente para la promoci\u00f3n de los productos de kil\u00f3metro cero y de la agricultura ecol\u00f3gica del municipio. La renovaci\u00f3n de las instalaciones permite ofrecer un entorno m\u00e1s moderno, c\u00f3modo y atractivo para las personas que visitan el mercado\u00bb.<\/p>\n<p class=\"western\" align=\"justify\">Con esta actuaci\u00f3n, el Ayuntamiento de Valleseco mejora las prestaciones del Mercado Ecol\u00f3gico y fortalece la competitividad del comercio rural, reafirmando su compromiso con el desarrollo sostenible, el impulso de la econom\u00eda local y la puesta en valor de los productos agroalimentarios de calidad que distinguen al municipio.<\/p>\n","protected":false},"excerpt":{"rendered":"<p>La actuaci\u00f3n, con una inversi\u00f3n total de 10.000 euros, renueva el mobiliario, incorpora un jard\u00edn vertical y mejora la imagen y funcionalidad de este espacio de referencia para el comercio&hellip;<\/p>\n","protected":false},"author":1,"featured_media":1782,"comment_status":"open","ping_status":"open","sticky":false,"template":"","format":"standard","meta":{"wpai_generated_summary":"","wpai_meta_description":"","footnotes":""},"categories":[143],"tags":[],"class_list":["post-1781","post","type-post","status-publish","format-standard","has-post-thumbnail","hentry","category-ayuntamiento-de-valleseco"],"_links":{"self":[{"href":"https:\/\/nublo.tv\/index.php\/wp-json\/wp\/v2\/posts\/1781","targetHints":{"allow":["GET"]}}],"collection":[{"href":"https:\/\/nublo.tv\/index.php\/wp-json\/wp\/v2\/posts"}],"about":[{"href":"https:\/\/nublo.tv\/index.php\/wp-json\/wp\/v2\/types\/post"}],"author":[{"embeddable":true,"href":"https:\/\/nublo.tv\/index.php\/wp-json\/wp\/v2\/users\/1"}],"replies":[{"embeddable":true,"href":"https:\/\/nublo.tv\/index.php\/wp-json\/wp\/v2\/comments?post=1781"}],"version-history":[{"count":1,"href":"https:\/\/nublo.tv\/index.php\/wp-json\/wp\/v2\/posts\/1781\/revisions"}],"predecessor-version":[{"id":1786,"href":"https:\/\/nublo.tv\/index.php\/wp-json\/wp\/v2\/posts\/1781\/revisions\/1786"}],"wp:featuredmedia":[{"embeddable":true,"href":"https:\/\/nublo.tv\/index.php\/wp-json\/wp\/v2\/media\/1782"}],"wp:attachment":[{"href":"https:\/\/nublo.tv\/index.php\/wp-json\/wp\/v2\/media?parent=1781"}],"wp:term":[{"taxonomy":"category","embeddable":true,"href":"https:\/\/nublo.tv\/index.php\/wp-json\/wp\/v2\/categories?post=1781"},{"taxonomy":"post_tag","embeddable":true,"href":"https:\/\/nublo.tv\/index.php\/wp-json\/wp\/v2\/tags?post=1781"}],"curies":[{"name":"wp","href":"https:\/\/api.w.org\/{rel}","templated":true}]}}