{"id":17812,"date":"2026-08-28T14:47:44","date_gmt":"2026-08-28T13:47:44","guid":{"rendered":"https:\/\/nublo.tv\/?p=17812"},"modified":"2026-08-28T14:47:44","modified_gmt":"2026-08-28T13:47:44","slug":"el-ayuntamiento-adjudicara-por-377-millones-la-reforma-de-la-carretera-del-norte","status":"publish","type":"post","link":"https:\/\/nublo.tv\/index.php\/2026\/08\/28\/el-ayuntamiento-adjudicara-por-377-millones-la-reforma-de-la-carretera-del-norte\/","title":{"rendered":"El Ayuntamiento adjudicar\u00e1 por 3,77 millones la reforma de la Carretera del Norte"},"content":{"rendered":"<p><strong>El Ayuntamiento de Las Palmas de Gran Canaria ha propuesto adjudicar por 3,77 millones de euros la transformaci\u00f3n urbana de la Carretera del Norte, un proyecto financiado con fondos del FDCAN que mejorar\u00e1 la movilidad peatonal y la seguridad vial en el tramo entre La Ballena y Los Tarahales.<\/strong><\/p>\n<p>La Mesa de Contrataci\u00f3n ha elegido a la empresa Compa\u00f1\u00eda General de Construcci\u00f3n Abaldo, S.A. para ejecutar las obras, que cuentan con un presupuesto de 3.767.900 euros. El expediente continuar\u00e1 su tramitaci\u00f3n con el informe de Intervenci\u00f3n antes de la adjudicaci\u00f3n formal, gestionada por la Concejal\u00eda de Planificaci\u00f3n, Desarrollo Urbano y Vivienda.<\/p>\n<h3>Mejoras en movilidad y espacio p\u00fablico<\/h3>\n<p>El proyecto, redactado por la empresa municipal GEURSA, incluye la creaci\u00f3n de tres rotondas: una cerca de la GC-3 para facilitar el acceso a La Paterna, otra en la entrada actual a este barrio y una tercera en la conexi\u00f3n con la avenida Escaleritas. Adem\u00e1s, se construir\u00e1n pasos de peatones elevados para reducir la velocidad del tr\u00e1fico y aumentar la seguridad.<\/p>\n<p>Las actuaciones tambi\u00e9n contemplan la mejora de los itinerarios peatonales, la creaci\u00f3n de zonas ajardinadas con especies end\u00e9micas canarias \u2014como lavanda o salvia\u2014, la instalaci\u00f3n de mobiliario urbano y la reorganizaci\u00f3n de los aparcamientos existentes. Se renovar\u00e1 el alumbrado p\u00fablico, se implementar\u00e1 un sistema de drenaje de aguas pluviales y se instalar\u00e1n dos hidrantes para bomberos.<\/p>\n<h3>Plazos y detalles t\u00e9cnicos<\/h3>\n<p>Los trabajos, con un plazo de ejecuci\u00f3n de 12 meses, incluir\u00e1n demoliciones, renovaci\u00f3n de firmes, se\u00f1alizaci\u00f3n, abastecimiento, alumbrado y redes de tr\u00e1fico. Entre las soluciones constructivas destacan la ejecuci\u00f3n de nuevas aceras y el uso de adoqu\u00edn de hormig\u00f3n en los accesos a garajes para mejorar su durabilidad.<\/p>\n<p>El concejal Mauricio Roque ha se\u00f1alado que el proyecto busca transformar una infraestructura de los a\u00f1os 70 en un espacio urbano adaptado a la realidad actual, corrigiendo d\u00e9ficits hist\u00f3ricos de accesibilidad y favoreciendo una movilidad m\u00e1s segura.<\/p>\n","protected":false},"excerpt":{"rendered":"<p>La actuaci\u00f3n, financiada a trav\u00e9s del FDCAN, permitir\u00e1 reurbanizar el tramo comprendido entre el enlace de La Ballena y la conexi\u00f3n con la Carretera de Los Tarahales, con mejoras en&hellip;<\/p>\n","protected":false},"author":1,"featured_media":17897,"comment_status":"open","ping_status":"open","sticky":false,"template":"","format":"standard","meta":{"wpai_generated_summary":"","wpai_meta_description":"","footnotes":""},"categories":[132],"tags":[],"class_list":["post-17812","post","type-post","status-publish","format-standard","has-post-thumbnail","hentry","category-ayuntamiento-de-las-palmas-de-gran-canaria"],"_links":{"self":[{"href":"https:\/\/nublo.tv\/index.php\/wp-json\/wp\/v2\/posts\/17812","targetHints":{"allow":["GET"]}}],"collection":[{"href":"https:\/\/nublo.tv\/index.php\/wp-json\/wp\/v2\/posts"}],"about":[{"href":"https:\/\/nublo.tv\/index.php\/wp-json\/wp\/v2\/types\/post"}],"author":[{"embeddable":true,"href":"https:\/\/nublo.tv\/index.php\/wp-json\/wp\/v2\/users\/1"}],"replies":[{"embeddable":true,"href":"https:\/\/nublo.tv\/index.php\/wp-json\/wp\/v2\/comments?post=17812"}],"version-history":[{"count":2,"href":"https:\/\/nublo.tv\/index.php\/wp-json\/wp\/v2\/posts\/17812\/revisions"}],"predecessor-version":[{"id":17896,"href":"https:\/\/nublo.tv\/index.php\/wp-json\/wp\/v2\/posts\/17812\/revisions\/17896"}],"wp:featuredmedia":[{"embeddable":true,"href":"https:\/\/nublo.tv\/index.php\/wp-json\/wp\/v2\/media\/17897"}],"wp:attachment":[{"href":"https:\/\/nublo.tv\/index.php\/wp-json\/wp\/v2\/media?parent=17812"}],"wp:term":[{"taxonomy":"category","embeddable":true,"href":"https:\/\/nublo.tv\/index.php\/wp-json\/wp\/v2\/categories?post=17812"},{"taxonomy":"post_tag","embeddable":true,"href":"https:\/\/nublo.tv\/index.php\/wp-json\/wp\/v2\/tags?post=17812"}],"curies":[{"name":"wp","href":"https:\/\/api.w.org\/{rel}","templated":true}]}}