{"id":17814,"date":"2026-08-28T14:47:59","date_gmt":"2026-08-28T13:47:59","guid":{"rendered":"https:\/\/nublo.tv\/?p=17814"},"modified":"2026-08-28T14:47:59","modified_gmt":"2026-08-28T13:47:59","slug":"tejeda-participara-en-la-romeria-de-teror-2026-con-una-carroza-dedicada-a-los-sabores-de-la-cumbre","status":"publish","type":"post","link":"https:\/\/nublo.tv\/index.php\/2026\/08\/28\/tejeda-participara-en-la-romeria-de-teror-2026-con-una-carroza-dedicada-a-los-sabores-de-la-cumbre\/","title":{"rendered":"Tejeda participar\u00e1 en la Romer\u00eda de Teror 2026 con una carroza dedicada a los &#8216;Sabores de la Cumbre&#8217;"},"content":{"rendered":"<p><strong>El Ayuntamiento de Tejeda participar\u00e1 en la Romer\u00eda de Teror 2026, que se celebrar\u00e1 el lunes 7 de septiembre, con una carroza titulada \u00abSabores de la Cumbre\u00bb.<\/strong><\/p>\n<p>La salida de los participantes se realizar\u00e1 en guagua desde la gasolinera Disa Tejeda a las 13:00 horas. La inscripci\u00f3n previa es obligatoria y debe realizarse llamando al 928 666 001, extensi\u00f3n 107. La actividad es gratuita para los empadronados en el municipio, con plazo l\u00edmite de inscripci\u00f3n hasta el viernes 4 de septiembre.<\/p>\n<p>La carroza de Tejeda ocupar\u00e1 el puesto n\u00famero seis en el desfile.<\/p>\n<h3>Programa Festas del Socorro 2026<\/h3>\n<p>El consistorio ha anunciado tambi\u00e9n la celebraci\u00f3n de las Festas del Socorro para el pr\u00f3ximo a\u00f1o.<\/p>\n","protected":false},"excerpt":{"rendered":"<p>\u200bSe informa que el Ayuntamiento de Tejeda tendr\u00e1, un a\u00f1o m\u00e1s, representaci\u00f3n oficial en la Romer\u00eda de Teror, en honor a Nuestra Se\u00f1ora del Pino, que ser\u00e1 el pr\u00f3ximo lunes&hellip;<\/p>\n","protected":false},"author":1,"featured_media":17815,"comment_status":"open","ping_status":"open","sticky":false,"template":"","format":"standard","meta":{"wpai_generated_summary":"","wpai_meta_description":"","footnotes":""},"categories":[139],"tags":[],"class_list":["post-17814","post","type-post","status-publish","format-standard","has-post-thumbnail","hentry","category-ayuntamiento-de-tejeda"],"_links":{"self":[{"href":"https:\/\/nublo.tv\/index.php\/wp-json\/wp\/v2\/posts\/17814","targetHints":{"allow":["GET"]}}],"collection":[{"href":"https:\/\/nublo.tv\/index.php\/wp-json\/wp\/v2\/posts"}],"about":[{"href":"https:\/\/nublo.tv\/index.php\/wp-json\/wp\/v2\/types\/post"}],"author":[{"embeddable":true,"href":"https:\/\/nublo.tv\/index.php\/wp-json\/wp\/v2\/users\/1"}],"replies":[{"embeddable":true,"href":"https:\/\/nublo.tv\/index.php\/wp-json\/wp\/v2\/comments?post=17814"}],"version-history":[{"count":2,"href":"https:\/\/nublo.tv\/index.php\/wp-json\/wp\/v2\/posts\/17814\/revisions"}],"predecessor-version":[{"id":17902,"href":"https:\/\/nublo.tv\/index.php\/wp-json\/wp\/v2\/posts\/17814\/revisions\/17902"}],"wp:featuredmedia":[{"embeddable":true,"href":"https:\/\/nublo.tv\/index.php\/wp-json\/wp\/v2\/media\/17815"}],"wp:attachment":[{"href":"https:\/\/nublo.tv\/index.php\/wp-json\/wp\/v2\/media?parent=17814"}],"wp:term":[{"taxonomy":"category","embeddable":true,"href":"https:\/\/nublo.tv\/index.php\/wp-json\/wp\/v2\/categories?post=17814"},{"taxonomy":"post_tag","embeddable":true,"href":"https:\/\/nublo.tv\/index.php\/wp-json\/wp\/v2\/tags?post=17814"}],"curies":[{"name":"wp","href":"https:\/\/api.w.org\/{rel}","templated":true}]}}