{"id":17817,"date":"2026-08-28T14:47:15","date_gmt":"2026-08-28T13:47:15","guid":{"rendered":"https:\/\/nublo.tv\/?p=17817"},"modified":"2026-08-28T14:47:15","modified_gmt":"2026-08-28T13:47:15","slug":"el-plan-de-limpieza-de-invernaderos-del-norte-retira-78-toneladas-de-residuos-en-galdar-y-continua-en-la-aldea","status":"publish","type":"post","link":"https:\/\/nublo.tv\/index.php\/2026\/08\/28\/el-plan-de-limpieza-de-invernaderos-del-norte-retira-78-toneladas-de-residuos-en-galdar-y-continua-en-la-aldea\/","title":{"rendered":"El plan de limpieza de invernaderos del Norte retira 7,8 toneladas de residuos en G\u00e1ldar y contin\u00faa en La Aldea"},"content":{"rendered":"<p><strong>El \u00abPlan de adecentamiento y mejora del paisaje rural\u00bb, coordinado por la Mancomunidad del Norte de Gran Canaria, ha retirado 7,8 toneladas de residuos en tres fincas de invernaderos abandonados en G\u00e1ldar, y ahora se desplaza a La Aldea de San Nicol\u00e1s.<\/strong><\/p>\n<p>En G\u00e1ldar, las labores se han centrado en una superficie de 2,33 hect\u00e1reas, donde se han recogido 6,26 toneladas de pl\u00e1sticos (mallas y mangueras de riego), 1,41 toneladas de alambres y verguillas, y 136 kilogramos de residuos asimilables a s\u00f3lidos urbanos. Adem\u00e1s, se han realizado tareas de poda y eliminaci\u00f3n de especies vegetales de gran porte, dejando los restos de platanera y gram\u00edneas como acolchado natural para proteger el suelo.<\/p>\n<h3>Continuaci\u00f3n de los trabajos en La Aldea<\/h3>\n<p>Tras finalizar las intervenciones en G\u00e1ldar en agosto, el proyecto se ha trasladado a La Aldea de San Nicol\u00e1s, donde las actuaciones se prolongar\u00e1n hasta diciembre. En total, la iniciativa prev\u00e9 actuar en siete fincas de ambos municipios, con el objetivo de limpiar 9 hect\u00e1reas de suelo rural.<\/p>\n<h3>Formaci\u00f3n y financiaci\u00f3n<\/h3>\n<p>El plan comenz\u00f3 el 16 de junio y cuenta con una cuadrilla de 13 trabajadores, formados en prevenci\u00f3n de riesgos laborales, gesti\u00f3n de residuos industriales y manipulaci\u00f3n de productos fitosanitarios antes de iniciar los trabajos de campo el 6 de julio. La iniciativa dispone de un presupuesto de 200.000 euros, financiado \u00edntegramente por la Consejer\u00eda de \u00c1rea de Empleo y Desarrollo Local del Cabildo de Gran Canaria, en el marco de un convenio con el Servicio Canario de Empleo.<\/p>\n<p>La Consejer\u00eda de Empleo del Cabildo ha anunciado adem\u00e1s la concesi\u00f3n de un nuevo plan para 2027, que se incluir\u00e1 en el pr\u00f3ximo presupuesto insular para continuar con la recuperaci\u00f3n del paisaje rural del Norte.<\/p>\n","protected":false},"excerpt":{"rendered":"<p>El proyecto \u201cPlan de adecentamiento y mejora del paisaje rural\u201d, coordinado por la Mancomunidad del Norte de Gran Canaria, contin\u00faa avanzando con el objetivo de recuperar y mejorar el paisaje&hellip;<\/p>\n","protected":false},"author":1,"featured_media":17885,"comment_status":"open","ping_status":"open","sticky":false,"template":"","format":"standard","meta":{"wpai_generated_summary":"","wpai_meta_description":"","footnotes":""},"categories":[129],"tags":[],"class_list":["post-17817","post","type-post","status-publish","format-standard","has-post-thumbnail","hentry","category-ayuntamiento-de-galdar"],"_links":{"self":[{"href":"https:\/\/nublo.tv\/index.php\/wp-json\/wp\/v2\/posts\/17817","targetHints":{"allow":["GET"]}}],"collection":[{"href":"https:\/\/nublo.tv\/index.php\/wp-json\/wp\/v2\/posts"}],"about":[{"href":"https:\/\/nublo.tv\/index.php\/wp-json\/wp\/v2\/types\/post"}],"author":[{"embeddable":true,"href":"https:\/\/nublo.tv\/index.php\/wp-json\/wp\/v2\/users\/1"}],"replies":[{"embeddable":true,"href":"https:\/\/nublo.tv\/index.php\/wp-json\/wp\/v2\/comments?post=17817"}],"version-history":[{"count":3,"href":"https:\/\/nublo.tv\/index.php\/wp-json\/wp\/v2\/posts\/17817\/revisions"}],"predecessor-version":[{"id":17884,"href":"https:\/\/nublo.tv\/index.php\/wp-json\/wp\/v2\/posts\/17817\/revisions\/17884"}],"wp:featuredmedia":[{"embeddable":true,"href":"https:\/\/nublo.tv\/index.php\/wp-json\/wp\/v2\/media\/17885"}],"wp:attachment":[{"href":"https:\/\/nublo.tv\/index.php\/wp-json\/wp\/v2\/media?parent=17817"}],"wp:term":[{"taxonomy":"category","embeddable":true,"href":"https:\/\/nublo.tv\/index.php\/wp-json\/wp\/v2\/categories?post=17817"},{"taxonomy":"post_tag","embeddable":true,"href":"https:\/\/nublo.tv\/index.php\/wp-json\/wp\/v2\/tags?post=17817"}],"curies":[{"name":"wp","href":"https:\/\/api.w.org\/{rel}","templated":true}]}}