{"id":17819,"date":"2026-08-28T14:48:24","date_gmt":"2026-08-28T13:48:24","guid":{"rendered":"https:\/\/nublo.tv\/?p=17819"},"modified":"2026-08-28T14:48:24","modified_gmt":"2026-08-28T13:48:24","slug":"el-titulo-del-campeonato-aguas-de-teror-se-decidira-este-sabado-en-la-ultima-jornada","status":"publish","type":"post","link":"https:\/\/nublo.tv\/index.php\/2026\/08\/28\/el-titulo-del-campeonato-aguas-de-teror-se-decidira-este-sabado-en-la-ultima-jornada\/","title":{"rendered":"El t\u00edtulo del Campeonato Aguas de Teror se decidir\u00e1 este s\u00e1bado en la \u00faltima jornada"},"content":{"rendered":"<p><strong>El Campeonato Aguas de Teror de Vela Latina Canaria llega a su \u00faltima jornada este s\u00e1bado 29 de agosto, con el t\u00edtulo en juego entre Portuarios Puertos de Las Palmas y Villa de Ag\u00fcimes Ybarra, separados por solo dos puntos.<\/strong><\/p>\n<p>La bah\u00eda de Las Palmas de Gran Canaria acoger\u00e1 a partir de las 17:00 horas cinco pegas decisivas. El Portuarios, l\u00edder con 25 puntos, se enfrenta al Viajes Insular Arenales Canaluz. Una victoria le dar\u00eda el t\u00edtulo, mientras que una derrota dejar\u00eda la puerta abierta al Villa de Ag\u00fcimes, segundo con 23 puntos.<\/p>\n<h3>Pegas clave y clasificaciones<\/h3>\n<p>El Villa de Ag\u00fcimes Ybarra, segundo clasificado, necesita ganar su pega contra el Porte\u00f1o Siscocan Cervezas P\u00edo P\u00edo y esperar un tropiezo del l\u00edder para forzar un desempate. El vigente campe\u00f3n, Hospital La Paloma Pueblo Guanche, cerrar\u00e1 la temporada ante el Uni\u00f3n San Crist\u00f3bal Restaurante Los Botes, mientras que el Villa de Teror Munchitos y el Chacalote Comercial SanRob, empatados a 17 puntos, se disputar\u00e1n una mejor posici\u00f3n final.<\/p>\n<p>El Spar Guerra del R\u00edo, quinto con 19 puntos, se medir\u00e1 al Minerva Idamar Atlantic, s\u00e9ptimo con 17. El DISA Roque Nublo ULPGC, sexto con 18 puntos, ser\u00e1 el \u00fanico equipo que descanse en esta jornada.<\/p>\n<h3>Organizaci\u00f3n y seguimiento<\/h3>\n<p>La Federaci\u00f3n de Vela Latina Canaria de Botes habilitar\u00e1 un dispositivo de seguridad para el seguimiento de la regata desde tierra, con el cierre de carriles en la Avenida Mar\u00edtima. Adem\u00e1s, habr\u00e1 servicio gratuito de Guaguas Municipales y retransmisi\u00f3n en directo en redes sociales.<\/p>\n","protected":false},"excerpt":{"rendered":"<p>Portuarios Puertos de Las Palmas y Villa de Ag&uuml;imes Ybarra llegan separados por dos puntos a una jornada decisiva en la que se decidir&aacute; el campe&oacute;n La Vela Latina Canaria&hellip;<\/p>\n","protected":false},"author":1,"featured_media":17909,"comment_status":"open","ping_status":"open","sticky":false,"template":"","format":"standard","meta":{"wpai_generated_summary":"","wpai_meta_description":"","footnotes":""},"categories":[122],"tags":[],"class_list":["post-17819","post","type-post","status-publish","format-standard","has-post-thumbnail","hentry","category-deportes"],"_links":{"self":[{"href":"https:\/\/nublo.tv\/index.php\/wp-json\/wp\/v2\/posts\/17819","targetHints":{"allow":["GET"]}}],"collection":[{"href":"https:\/\/nublo.tv\/index.php\/wp-json\/wp\/v2\/posts"}],"about":[{"href":"https:\/\/nublo.tv\/index.php\/wp-json\/wp\/v2\/types\/post"}],"author":[{"embeddable":true,"href":"https:\/\/nublo.tv\/index.php\/wp-json\/wp\/v2\/users\/1"}],"replies":[{"embeddable":true,"href":"https:\/\/nublo.tv\/index.php\/wp-json\/wp\/v2\/comments?post=17819"}],"version-history":[{"count":2,"href":"https:\/\/nublo.tv\/index.php\/wp-json\/wp\/v2\/posts\/17819\/revisions"}],"predecessor-version":[{"id":17908,"href":"https:\/\/nublo.tv\/index.php\/wp-json\/wp\/v2\/posts\/17819\/revisions\/17908"}],"wp:featuredmedia":[{"embeddable":true,"href":"https:\/\/nublo.tv\/index.php\/wp-json\/wp\/v2\/media\/17909"}],"wp:attachment":[{"href":"https:\/\/nublo.tv\/index.php\/wp-json\/wp\/v2\/media?parent=17819"}],"wp:term":[{"taxonomy":"category","embeddable":true,"href":"https:\/\/nublo.tv\/index.php\/wp-json\/wp\/v2\/categories?post=17819"},{"taxonomy":"post_tag","embeddable":true,"href":"https:\/\/nublo.tv\/index.php\/wp-json\/wp\/v2\/tags?post=17819"}],"curies":[{"name":"wp","href":"https:\/\/api.w.org\/{rel}","templated":true}]}}