{"id":17826,"date":"2026-08-28T14:47:39","date_gmt":"2026-08-28T13:47:39","guid":{"rendered":"https:\/\/nublo.tv\/?p=17826"},"modified":"2026-08-28T14:47:39","modified_gmt":"2026-08-28T13:47:39","slug":"el-ayuntamiento-asfalta-la-calle-nestor-de-la-torre-en-alcaravaneras-con-cortes-nocturnos","status":"publish","type":"post","link":"https:\/\/nublo.tv\/index.php\/2026\/08\/28\/el-ayuntamiento-asfalta-la-calle-nestor-de-la-torre-en-alcaravaneras-con-cortes-nocturnos\/","title":{"rendered":"El Ayuntamiento asfalta la calle N\u00e9stor de la Torre en Alcaravaneras con cortes nocturnos"},"content":{"rendered":"<p><strong>El Ayuntamiento de Las Palmas de Gran Canaria realizar\u00e1 trabajos de repavimentaci\u00f3n en la calle N\u00e9stor de la Torre la noche del lunes 31 de agosto, entre las 22:00 y las 6:00 horas, con corte al tr\u00e1fico en el tramo entre el Paseo de Chil y la calle Presidente Alvear.<\/strong><\/p>\n<p>Las Palmas de Gran Canaria, 28 de agosto de 2026. La Concejal\u00eda de V\u00edas y Obras y Alumbrado del Ayuntamiento de Las Palmas de Gran Canaria contin\u00faa con los trabajos de repavimentaci\u00f3n en el barrio de Alcaravaneras, dentro del proyecto de mejora del firme en la zona.<\/p>\n<p>La actuaci\u00f3n se centrar\u00e1 en la calle N\u00e9stor de la Torre, donde se renovar\u00e1 la calzada. Durante las labores, el tramo entre el Paseo de Chil y la calle Presidente Alvear permanecer\u00e1 cortado al tr\u00e1fico.<\/p>\n<h3>Inversi\u00f3n y alcance del plan<\/h3>\n<p>El concejal de V\u00edas y Obras y Alumbrado, Carlos D\u00edaz, ha se\u00f1alado que estas obras forman parte de un proyecto m\u00e1s amplio para modernizar las v\u00edas del barrio y mejorar las condiciones de circulaci\u00f3n.<\/p>\n<p>El plan incluye tambi\u00e9n los trabajos ya finalizados en Escaleritas y Guanarteme, con una inversi\u00f3n global de 2,89 millones de euros destinada a la mejora de calles en distintos puntos de la ciudad.<\/p>\n<h3>Plan de Asfaltado 2024-2031<\/h3>\n<p>El Plan de Asfaltado 2024-2031 prev\u00e9 actuar en 474 calles del municipio, con una inversi\u00f3n de 40 millones de euros para modernizar la red viaria y mejorar la circulaci\u00f3n en los barrios.<\/p>\n","protected":false},"excerpt":{"rendered":"<p>Las labores se desarrollar\u00e1n durante la noche del lunes 31 de agosto, de 22:00 a 6:00 horas, y supondr\u00e1n el corte de la calle N\u00e9stor de la Torre entre el&hellip;<\/p>\n","protected":false},"author":1,"featured_media":17895,"comment_status":"open","ping_status":"open","sticky":false,"template":"","format":"standard","meta":{"wpai_generated_summary":"","wpai_meta_description":"","footnotes":""},"categories":[132],"tags":[],"class_list":["post-17826","post","type-post","status-publish","format-standard","has-post-thumbnail","hentry","category-ayuntamiento-de-las-palmas-de-gran-canaria"],"_links":{"self":[{"href":"https:\/\/nublo.tv\/index.php\/wp-json\/wp\/v2\/posts\/17826","targetHints":{"allow":["GET"]}}],"collection":[{"href":"https:\/\/nublo.tv\/index.php\/wp-json\/wp\/v2\/posts"}],"about":[{"href":"https:\/\/nublo.tv\/index.php\/wp-json\/wp\/v2\/types\/post"}],"author":[{"embeddable":true,"href":"https:\/\/nublo.tv\/index.php\/wp-json\/wp\/v2\/users\/1"}],"replies":[{"embeddable":true,"href":"https:\/\/nublo.tv\/index.php\/wp-json\/wp\/v2\/comments?post=17826"}],"version-history":[{"count":2,"href":"https:\/\/nublo.tv\/index.php\/wp-json\/wp\/v2\/posts\/17826\/revisions"}],"predecessor-version":[{"id":17894,"href":"https:\/\/nublo.tv\/index.php\/wp-json\/wp\/v2\/posts\/17826\/revisions\/17894"}],"wp:featuredmedia":[{"embeddable":true,"href":"https:\/\/nublo.tv\/index.php\/wp-json\/wp\/v2\/media\/17895"}],"wp:attachment":[{"href":"https:\/\/nublo.tv\/index.php\/wp-json\/wp\/v2\/media?parent=17826"}],"wp:term":[{"taxonomy":"category","embeddable":true,"href":"https:\/\/nublo.tv\/index.php\/wp-json\/wp\/v2\/categories?post=17826"},{"taxonomy":"post_tag","embeddable":true,"href":"https:\/\/nublo.tv\/index.php\/wp-json\/wp\/v2\/tags?post=17826"}],"curies":[{"name":"wp","href":"https:\/\/api.w.org\/{rel}","templated":true}]}}