{"id":17828,"date":"2026-08-28T14:47:34","date_gmt":"2026-08-28T13:47:34","guid":{"rendered":"https:\/\/nublo.tv\/?p=17828"},"modified":"2026-08-28T14:47:34","modified_gmt":"2026-08-28T13:47:34","slug":"cerca-de-4-000-ninos-participan-en-el-campus-de-verano-del-imd-en-las-palmas-de-gran-canaria","status":"publish","type":"post","link":"https:\/\/nublo.tv\/index.php\/2026\/08\/28\/cerca-de-4-000-ninos-participan-en-el-campus-de-verano-del-imd-en-las-palmas-de-gran-canaria\/","title":{"rendered":"Cerca de 4.000 ni\u00f1os participan en el Campus de Verano del IMD en Las Palmas de Gran Canaria"},"content":{"rendered":"<p><strong>El Ayuntamiento de Las Palmas de Gran Canaria ha cerrado la edici\u00f3n 2026 del Campus de Verano del IMD con cerca de 4.000 participantes en actividades deportivas y de ocio desarrolladas en seis espacios municipales durante los meses de verano.<\/strong><\/p>\n<p>La concejala de Deportes, Carla Campoamor, destac\u00f3 la alta participaci\u00f3n y subray\u00f3 que el objetivo del campus es que los ni\u00f1os \u00abno solo hagan deporte, sino que tambi\u00e9n socialicen, conozcan nuevas personas, descubran actividades y adquieran h\u00e1bitos saludables\u00bb.<\/p>\n<p>El programa, dirigido a menores de entre 4 y 14 a\u00f1os, ha incluido modalidades como f\u00fatbol, baloncesto, voleibol, hockey y patinaje, junto a juegos tradicionales, talleres, manualidades, teatro y gymkanas. Las actividades se han centrado en promover la actividad f\u00edsica, la creatividad, el trabajo en equipo y la convivencia.<\/p>\n<h3>Seis sedes en los cinco distritos<\/h3>\n<p>Los campus se han desarrollado en seis espacios municipales: L\u00f3pez Socas y Garc\u00eda San Rom\u00e1n (Ciudad Alta); Jard\u00edn de Infancia (Isleta-Puerto-Guanarteme); Leoncio Castellano (Tamaraceite-San Lorenzo-Tenoya); El Bat\u00e1n (Vegueta, Cono Sur y Tafira); y la playa de Las Alcaravaneras (distrito Centro).<\/p>\n<p>El Campus de L\u00f3pez Socas ha sido el \u00fanico activo desde finales de junio hasta finales de agosto, con capacidad para 150 ni\u00f1os semanales y un amplio programa de actividades adaptadas por edades. Adem\u00e1s, ha ofrecido servicio de recogida temprana desde las 7:30 horas y comedor hasta las 15:00 horas.<\/p>\n<h3>Inclusi\u00f3n y conciliaci\u00f3n familiar<\/h3>\n<p>El programa ha incluido un servicio gratuito para familias en situaci\u00f3n de vulnerabilidad y ha contado con la participaci\u00f3n de ni\u00f1os con necesidades espec\u00edficas de apoyo, garantizando su plena integraci\u00f3n. Tambi\u00e9n ha facilitado la conciliaci\u00f3n familiar durante las vacaciones escolares.<\/p>\n<p>El Campus de Verano del IMD forma parte de la programaci\u00f3n estival del Ayuntamiento, que incluye otras iniciativas como el Campus de Verano de Educaci\u00f3n, el campus \u2018Huertoaventuras de verano\u2019 y el programa \u2018Panza de Burro\u2019, dirigidos a ofrecer alternativas de ocio y aprendizaje durante el verano.<\/p>\n","protected":false},"excerpt":{"rendered":"<p>La iniciativa municipal ha ofrecido desde el pasado mes de junio una alternativa deportiva y de ocio saludable para favorecer la conciliaci\u00f3n de las familias Los campus se han desarrollado&hellip;<\/p>\n","protected":false},"author":1,"featured_media":17893,"comment_status":"open","ping_status":"open","sticky":false,"template":"","format":"standard","meta":{"wpai_generated_summary":"","wpai_meta_description":"","footnotes":""},"categories":[132],"tags":[],"class_list":["post-17828","post","type-post","status-publish","format-standard","has-post-thumbnail","hentry","category-ayuntamiento-de-las-palmas-de-gran-canaria"],"_links":{"self":[{"href":"https:\/\/nublo.tv\/index.php\/wp-json\/wp\/v2\/posts\/17828","targetHints":{"allow":["GET"]}}],"collection":[{"href":"https:\/\/nublo.tv\/index.php\/wp-json\/wp\/v2\/posts"}],"about":[{"href":"https:\/\/nublo.tv\/index.php\/wp-json\/wp\/v2\/types\/post"}],"author":[{"embeddable":true,"href":"https:\/\/nublo.tv\/index.php\/wp-json\/wp\/v2\/users\/1"}],"replies":[{"embeddable":true,"href":"https:\/\/nublo.tv\/index.php\/wp-json\/wp\/v2\/comments?post=17828"}],"version-history":[{"count":2,"href":"https:\/\/nublo.tv\/index.php\/wp-json\/wp\/v2\/posts\/17828\/revisions"}],"predecessor-version":[{"id":17892,"href":"https:\/\/nublo.tv\/index.php\/wp-json\/wp\/v2\/posts\/17828\/revisions\/17892"}],"wp:featuredmedia":[{"embeddable":true,"href":"https:\/\/nublo.tv\/index.php\/wp-json\/wp\/v2\/media\/17893"}],"wp:attachment":[{"href":"https:\/\/nublo.tv\/index.php\/wp-json\/wp\/v2\/media?parent=17828"}],"wp:term":[{"taxonomy":"category","embeddable":true,"href":"https:\/\/nublo.tv\/index.php\/wp-json\/wp\/v2\/categories?post=17828"},{"taxonomy":"post_tag","embeddable":true,"href":"https:\/\/nublo.tv\/index.php\/wp-json\/wp\/v2\/tags?post=17828"}],"curies":[{"name":"wp","href":"https:\/\/api.w.org\/{rel}","templated":true}]}}