{"id":1783,"date":"2026-08-06T10:45:53","date_gmt":"2026-08-06T09:45:53","guid":{"rendered":"http:\/\/nublo.tv\/?p=1783"},"modified":"2026-08-27T12:35:26","modified_gmt":"2026-08-27T11:35:26","slug":"instalacion-de-dos-nuevos-puntos-de-recarga-para-vehiculos-electricos-junto-a-las-instalaciones-deportivas-y-la-escuela-infantil","status":"publish","type":"post","link":"https:\/\/nublo.tv\/index.php\/2026\/08\/06\/instalacion-de-dos-nuevos-puntos-de-recarga-para-vehiculos-electricos-junto-a-las-instalaciones-deportivas-y-la-escuela-infantil\/","title":{"rendered":"Instalaci\u00f3n de dos nuevos puntos de recarga para veh\u00edculos el\u00e9ctricos junto a las instalaciones deportivas y la Escuela Infantil"},"content":{"rendered":"<p class=\"western\" align=\"justify\"><strong>La actuaci\u00f3n, ejecutada gracias a una subvenci\u00f3n del Cabildo de Gran Canaria, refuerza la movilidad sostenible y ampl\u00eda la red municipal de infraestructuras para veh\u00edculos el\u00e9ctricos.<\/strong><\/p>\n<p class=\"western\" align=\"justify\">El Ayuntamiento de Valleseco, a trav\u00e9s de la Concejal\u00eda de Obras P\u00fablicas, ha instalado dos nuevos puntos de recarga para veh\u00edculos el\u00e9ctricos, una actuaci\u00f3n que refuerza las infraestructuras municipales destinadas a la movilidad sostenible y ampl\u00eda los servicios p\u00fablicos disponibles para la ciudadan\u00eda.<\/p>\n<p class=\"western\" align=\"justify\">Los nuevos cargadores se encuentran ubicados en las zonas de estacionamiento del Polideportivo y Piscina Municipal y de la Escuela Infantil, en la calle P\u00e1rroco Marrero D\u00edaz, facilitando el uso de veh\u00edculos el\u00e9ctricos tanto a la poblaci\u00f3n residente como a quienes visitan el municipio. El proyecto ha incluido la instalaci\u00f3n de dos equipos de recarga de 22 kW, as\u00ed como la adecuaci\u00f3n de las instalaciones el\u00e9ctricas existentes en ambos edificios municipales para garantizar su correcto funcionamiento.<\/p>\n<p class=\"western\" align=\"justify\">Esta actuaci\u00f3n ha sido posible gracias a la subvenci\u00f3n concedida al Ayuntamiento de Valleseco dentro del\u00a0Programa de mejora de las infraestructuras de transporte que refuercen la movilidad sostenible en el a\u00f1o 2025, impulsado por la Consejer\u00eda de Gobierno de Presidencia y Movilidad Sostenible del Cabildo de Gran Canaria. La ayuda, por importe de\u00a016.666,66 euros, ha permitido ejecutar \u00edntegramente este proyecto, cuyo objetivo es mejorar las infraestructuras de transporte que fomentan una movilidad m\u00e1s sostenible y adaptan los espacios p\u00fablicos a las necesidades actuales de los municipios de Gran Canaria.<\/p>\n<p class=\"western\" align=\"justify\">El alcalde de Valleseco, Jos\u00e9 Luis Rodr\u00edguez Quintana, ha se\u00f1alado que \u201ca puesta en funcionamiento de estos dos nuevos puntos de recarga supone un paso m\u00e1s en el compromiso del Ayuntamiento con la sostenibilidad y la modernizaci\u00f3n de los servicios p\u00fablicos municipales. Con esta actuaci\u00f3n seguimos adaptando Valleseco a las nuevas formas de movilidad, ofreciendo infraestructuras que responden tanto a las necesidades actuales como futuras de nuestra vecindad y de quienes nos visitan\u201d.<\/p>\n<p class=\"western\" align=\"justify\">Asimismo, el primer edil ha destacado que \u201ccontinuamos aprovechando todas las oportunidades de financiaci\u00f3n que ofrecen otras administraciones para seguir mejorando las infraestructuras municipales sin que ello suponga un mayor esfuerzo para las arcas locales. Nuestro objetivo es construir un municipio cada vez m\u00e1s moderno, eficiente y comprometido con el desarrollo sostenible\u201d.<\/p>\n<p class=\"western\" align=\"justify\">La instalaci\u00f3n de estos nuevos puntos de recarga forma parte de la estrategia que el Ayuntamiento de Valleseco desarrolla en el marco de la Agenda 2030, impulsando pol\u00edticas orientadas a la transici\u00f3n energ\u00e9tica y a la reducci\u00f3n de las emisiones de carbono. En los \u00faltimos a\u00f1os, el municipio ha incorporado distintas infraestructuras vinculadas a la movilidad sostenible, entre ellas otros puntos de recarga para veh\u00edculos el\u00e9ctricos, equipamientos destinados al servicio del taxi y dependencias municipales adaptadas para atender las necesidades de la creciente flota de veh\u00edculos el\u00e9ctricos del propio Consistorio. Con esta nueva actuaci\u00f3n, Valleseco contin\u00faa ampliando una red de infraestructuras que favorece un modelo de movilidad m\u00e1s eficiente, accesible y respetuoso con el medio ambiente.<\/p>\n","protected":false},"excerpt":{"rendered":"<p>La actuaci\u00f3n, ejecutada gracias a una subvenci\u00f3n del Cabildo de Gran Canaria, refuerza la movilidad sostenible y ampl\u00eda la red municipal de infraestructuras para veh\u00edculos el\u00e9ctricos. El Ayuntamiento de Valleseco,&hellip;<\/p>\n","protected":false},"author":1,"featured_media":1784,"comment_status":"open","ping_status":"open","sticky":false,"template":"","format":"standard","meta":{"wpai_generated_summary":"","wpai_meta_description":"","footnotes":""},"categories":[143],"tags":[],"class_list":["post-1783","post","type-post","status-publish","format-standard","has-post-thumbnail","hentry","category-ayuntamiento-de-valleseco"],"_links":{"self":[{"href":"https:\/\/nublo.tv\/index.php\/wp-json\/wp\/v2\/posts\/1783","targetHints":{"allow":["GET"]}}],"collection":[{"href":"https:\/\/nublo.tv\/index.php\/wp-json\/wp\/v2\/posts"}],"about":[{"href":"https:\/\/nublo.tv\/index.php\/wp-json\/wp\/v2\/types\/post"}],"author":[{"embeddable":true,"href":"https:\/\/nublo.tv\/index.php\/wp-json\/wp\/v2\/users\/1"}],"replies":[{"embeddable":true,"href":"https:\/\/nublo.tv\/index.php\/wp-json\/wp\/v2\/comments?post=1783"}],"version-history":[{"count":1,"href":"https:\/\/nublo.tv\/index.php\/wp-json\/wp\/v2\/posts\/1783\/revisions"}],"predecessor-version":[{"id":1787,"href":"https:\/\/nublo.tv\/index.php\/wp-json\/wp\/v2\/posts\/1783\/revisions\/1787"}],"wp:featuredmedia":[{"embeddable":true,"href":"https:\/\/nublo.tv\/index.php\/wp-json\/wp\/v2\/media\/1784"}],"wp:attachment":[{"href":"https:\/\/nublo.tv\/index.php\/wp-json\/wp\/v2\/media?parent=1783"}],"wp:term":[{"taxonomy":"category","embeddable":true,"href":"https:\/\/nublo.tv\/index.php\/wp-json\/wp\/v2\/categories?post=1783"},{"taxonomy":"post_tag","embeddable":true,"href":"https:\/\/nublo.tv\/index.php\/wp-json\/wp\/v2\/tags?post=1783"}],"curies":[{"name":"wp","href":"https:\/\/api.w.org\/{rel}","templated":true}]}}