{"id":17836,"date":"2026-08-28T14:48:09","date_gmt":"2026-08-28T13:48:09","guid":{"rendered":"https:\/\/nublo.tv\/?p=17836"},"modified":"2026-08-28T14:48:09","modified_gmt":"2026-08-28T13:48:09","slug":"la-travesia-a-nado-de-salinetas-en-telde-incluira-una-recogida-de-alimentos-para-el-banco-de-alimentos-de-san-venancio","status":"publish","type":"post","link":"https:\/\/nublo.tv\/index.php\/2026\/08\/28\/la-travesia-a-nado-de-salinetas-en-telde-incluira-una-recogida-de-alimentos-para-el-banco-de-alimentos-de-san-venancio\/","title":{"rendered":"La Traves\u00eda a Nado de Salinetas en Telde incluir\u00e1 una recogida de alimentos para el Banco de Alimentos de San Venancio"},"content":{"rendered":"<p><strong>Telde, 28 de agosto de 2026.<\/strong> La 17\u00aa Traves\u00eda a Nado de Salinetas, que se celebrar\u00e1 el 6 de septiembre, incluir\u00e1 una recogida de alimentos no perecederos para apoyar a familias vulnerables del municipio a trav\u00e9s del Banco de Alimentos de San Venancio.<\/p>\n<p>La prueba, organizada por la Concejal\u00eda de Actividad F\u00edsica y Deportes del Ayuntamiento de Telde en colaboraci\u00f3n con el Club Costa Este, tendr\u00e1 un recorrido de 1.500 metros en aguas abiertas, con salida en la playa de Melenara y llegada a Salinetas. Cada participante deber\u00e1 aportar un kilogramo de alimentos no perecederos al retirar su dorsal-chip y gorro el d\u00eda de la prueba.<\/p>\n<h3>Iniciativa solidaria y detalles de la prueba<\/h3>\n<p>Los alimentos recogidos se entregar\u00e1n a las parroquias de Santo Cura de Ars y de San Venancio y Santa Mar\u00eda de Nazaret, que se encargar\u00e1n de su distribuci\u00f3n. La concejal\u00eda, dirigida por Cristhian Santana Caballero, destaca que la traves\u00eda combina deporte y solidaridad, reforzando valores como el compromiso social.<\/p>\n<p>Las inscripciones, limitadas, estar\u00e1n abiertas hasta el 4 de septiembre o hasta completar el cupo de plazas. La prueba, gratuita, contar\u00e1 con un dispositivo de seguridad que incluir\u00e1 se\u00f1alizaci\u00f3n, control de tiempos con chip, asistencia en el mar y cobertura de seguros. Los tres primeros clasificados de la general masculina y femenina recibir\u00e1n trofeo, mientras que todos los participantes obtendr\u00e1n un obsequio conmemorativo.<\/p>\n<h3>Requisitos y m\u00e1s informaci\u00f3n<\/h3>\n<p>La organizaci\u00f3n recuerda que la participaci\u00f3n requiere una adecuada preparaci\u00f3n f\u00edsica, ya que la traves\u00eda se desarrolla en aguas abiertas. Para m\u00e1s informaci\u00f3n, los interesados pueden contactar con la Concejal\u00eda de Actividad F\u00edsica y Deportes en el tel\u00e9fono 928 139 050 (extensiones 31914 y 31903) o consultar sus redes sociales.<\/p>\n","protected":false},"excerpt":{"rendered":"<p>https:\/\/www.telde.es\/wp-content\/uploads\/2026\/08\/noticia702.jpgTelde, 28 de agosto de 2026.\u2013 Deporte y solidaridad volver\u00e1n a unirse en Telde con motivo de la celebraci\u00f3n de la 17\u00aa Traves\u00eda a Nado de Salinetas 2026 \u201cDolores \u00c1lvarez\u201d,&hellip;<\/p>\n","protected":false},"author":1,"featured_media":17837,"comment_status":"open","ping_status":"open","sticky":false,"template":"","format":"standard","meta":{"wpai_generated_summary":"","wpai_meta_description":"","footnotes":""},"categories":[140],"tags":[],"class_list":["post-17836","post","type-post","status-publish","format-standard","has-post-thumbnail","hentry","category-ayuntamiento-de-telde"],"_links":{"self":[{"href":"https:\/\/nublo.tv\/index.php\/wp-json\/wp\/v2\/posts\/17836","targetHints":{"allow":["GET"]}}],"collection":[{"href":"https:\/\/nublo.tv\/index.php\/wp-json\/wp\/v2\/posts"}],"about":[{"href":"https:\/\/nublo.tv\/index.php\/wp-json\/wp\/v2\/types\/post"}],"author":[{"embeddable":true,"href":"https:\/\/nublo.tv\/index.php\/wp-json\/wp\/v2\/users\/1"}],"replies":[{"embeddable":true,"href":"https:\/\/nublo.tv\/index.php\/wp-json\/wp\/v2\/comments?post=17836"}],"version-history":[{"count":2,"href":"https:\/\/nublo.tv\/index.php\/wp-json\/wp\/v2\/posts\/17836\/revisions"}],"predecessor-version":[{"id":17904,"href":"https:\/\/nublo.tv\/index.php\/wp-json\/wp\/v2\/posts\/17836\/revisions\/17904"}],"wp:featuredmedia":[{"embeddable":true,"href":"https:\/\/nublo.tv\/index.php\/wp-json\/wp\/v2\/media\/17837"}],"wp:attachment":[{"href":"https:\/\/nublo.tv\/index.php\/wp-json\/wp\/v2\/media?parent=17836"}],"wp:term":[{"taxonomy":"category","embeddable":true,"href":"https:\/\/nublo.tv\/index.php\/wp-json\/wp\/v2\/categories?post=17836"},{"taxonomy":"post_tag","embeddable":true,"href":"https:\/\/nublo.tv\/index.php\/wp-json\/wp\/v2\/tags?post=17836"}],"curies":[{"name":"wp","href":"https:\/\/api.w.org\/{rel}","templated":true}]}}