{"id":17838,"date":"2026-08-28T14:48:03","date_gmt":"2026-08-28T13:48:03","guid":{"rendered":"https:\/\/nublo.tv\/?p=17838"},"modified":"2026-08-28T14:48:03","modified_gmt":"2026-08-28T13:48:03","slug":"agoney-rodriguez-octavo-en-el-europeo-sub-17-de-halterofilia-y-entre-los-diez-mejores-de-europa","status":"publish","type":"post","link":"https:\/\/nublo.tv\/index.php\/2026\/08\/28\/agoney-rodriguez-octavo-en-el-europeo-sub-17-de-halterofilia-y-entre-los-diez-mejores-de-europa\/","title":{"rendered":"Agoney Rodr\u00edguez, octavo en el Europeo Sub-17 de Halterofilia y entre los diez mejores de Europa"},"content":{"rendered":"<p><strong>El halter\u00f3filo teldense Agoney Rodr\u00edguez ha logrado el octavo puesto en el Campeonato de Europa Sub-17 de Halterofilia, celebrado en Pristina (Kosovo), situ\u00e1ndose entre los diez mejores del continente en la categor\u00eda de 85 kg.<\/strong><\/p>\n<p>El Ayuntamiento de Telde, a trav\u00e9s de la Concejal\u00eda de Actividad F\u00edsica y Deportes dirigida por Cristhian Santana Caballero, ha felicitado al joven deportista por su actuaci\u00f3n en la competici\u00f3n. Santana destac\u00f3 que el resultado \u00abvuelve a situar el nombre de Telde en la \u00e9lite internacional de la halterofilia\u00bb y calific\u00f3 el esfuerzo del atleta como \u00abun ejemplo para la juventud del municipio\u00bb.<\/p>\n<h3>Resultados en el Europeo Sub-17<\/h3>\n<p>Rodr\u00edguez complet\u00f3 una participaci\u00f3n s\u00f3lida en el campeonato, finalizando octavo en el total ol\u00edmpico con 272 kg. En la modalidad de arrancada, levant\u00f3 119 kg, lo que le situ\u00f3 en novena posici\u00f3n, mientras que en dos tiempos alcanz\u00f3 los 153 kg, logrando el s\u00e9ptimo mejor resultado de su categor\u00eda. Estos registros le permitieron clasificarse entre los diez mejores de Europa en las tres modalidades.<\/p>\n<p>El campeonato cont\u00f3 con la participaci\u00f3n de 16 deportistas espa\u00f1oles, entre ellos el tambi\u00e9n teldense Aar\u00f3n Kaue Moreno Tonna, quien compiti\u00f3 en la misma categor\u00eda de 85 kg. Moreno firm\u00f3 un total ol\u00edmpico de 236 kg, tras levantar 103 kg en arrancada y 133 kg en dos tiempos, finalizando en la decimocuarta posici\u00f3n.<\/p>\n<h3>Participaci\u00f3n en el Mundial Sub-17<\/h3>\n<p>Agoney Rodr\u00edguez lleg\u00f3 a esta cita europea tras su reciente participaci\u00f3n en el Campeonato del Mundo Sub-17 disputado en Colombia, donde compiti\u00f3 en la categor\u00eda de 88 kg, nueve kilos por encima de su peso habitual, debido a un error de inscripci\u00f3n. A pesar de ello, logr\u00f3 una destacada actuaci\u00f3n, especialmente en arrancada, con tres intentos v\u00e1lidos de 110, 114 y 116 kg, que le valieron para concluir en la d\u00e9cima posici\u00f3n mundial.<\/p>\n<p>Santana Caballero reiter\u00f3 las felicitaciones del Ayuntamiento y anim\u00f3 a ambos deportistas a \u00abcontinuar su trayectoria deportiva con la misma dedicaci\u00f3n y esfuerzo que viene demostrando\u00bb.<\/p>\n","protected":false},"excerpt":{"rendered":"<p>https:\/\/www.telde.es\/wp-content\/uploads\/2026\/08\/noticia701.jpgTelde, 28 de agosto de 2026.\u2013 La Concejal\u00eda de Actividad F\u00edsica y Deportes del Ayuntamiento de Telde, que dirige Cristhian Santana Caballero, felicita al joven levantador teldense Agoney Rodr\u00edguez Roque&hellip;<\/p>\n","protected":false},"author":1,"featured_media":17839,"comment_status":"open","ping_status":"open","sticky":false,"template":"","format":"standard","meta":{"wpai_generated_summary":"","wpai_meta_description":"","footnotes":""},"categories":[140],"tags":[],"class_list":["post-17838","post","type-post","status-publish","format-standard","has-post-thumbnail","hentry","category-ayuntamiento-de-telde"],"_links":{"self":[{"href":"https:\/\/nublo.tv\/index.php\/wp-json\/wp\/v2\/posts\/17838","targetHints":{"allow":["GET"]}}],"collection":[{"href":"https:\/\/nublo.tv\/index.php\/wp-json\/wp\/v2\/posts"}],"about":[{"href":"https:\/\/nublo.tv\/index.php\/wp-json\/wp\/v2\/types\/post"}],"author":[{"embeddable":true,"href":"https:\/\/nublo.tv\/index.php\/wp-json\/wp\/v2\/users\/1"}],"replies":[{"embeddable":true,"href":"https:\/\/nublo.tv\/index.php\/wp-json\/wp\/v2\/comments?post=17838"}],"version-history":[{"count":2,"href":"https:\/\/nublo.tv\/index.php\/wp-json\/wp\/v2\/posts\/17838\/revisions"}],"predecessor-version":[{"id":17903,"href":"https:\/\/nublo.tv\/index.php\/wp-json\/wp\/v2\/posts\/17838\/revisions\/17903"}],"wp:featuredmedia":[{"embeddable":true,"href":"https:\/\/nublo.tv\/index.php\/wp-json\/wp\/v2\/media\/17839"}],"wp:attachment":[{"href":"https:\/\/nublo.tv\/index.php\/wp-json\/wp\/v2\/media?parent=17838"}],"wp:term":[{"taxonomy":"category","embeddable":true,"href":"https:\/\/nublo.tv\/index.php\/wp-json\/wp\/v2\/categories?post=17838"},{"taxonomy":"post_tag","embeddable":true,"href":"https:\/\/nublo.tv\/index.php\/wp-json\/wp\/v2\/tags?post=17838"}],"curies":[{"name":"wp","href":"https:\/\/api.w.org\/{rel}","templated":true}]}}