{"id":17842,"date":"2026-08-28T14:47:28","date_gmt":"2026-08-28T13:47:28","guid":{"rendered":"https:\/\/nublo.tv\/?p=17842"},"modified":"2026-08-28T14:47:28","modified_gmt":"2026-08-28T13:47:28","slug":"el-ayuntamiento-inicia-el-dragado-de-las-piscinas-naturales-de-la-laja-con-un-plazo-de-tres-semanas","status":"publish","type":"post","link":"https:\/\/nublo.tv\/index.php\/2026\/08\/28\/el-ayuntamiento-inicia-el-dragado-de-las-piscinas-naturales-de-la-laja-con-un-plazo-de-tres-semanas\/","title":{"rendered":"El Ayuntamiento inicia el dragado de las piscinas naturales de La Laja con un plazo de tres semanas"},"content":{"rendered":"<p><strong>El concejal de Ciudad de Mar, Pedro Quevedo, supervis\u00f3 este viernes las obras de dragado en las piscinas naturales de La Laja, iniciadas el 27 de agosto, que permitir\u00e1n su reapertura progresiva en un plazo m\u00e1ximo de tres semanas.<\/strong><\/p>\n<p>El Ayuntamiento de Las Palmas de Gran Canaria ha comenzado los trabajos de limpieza y dragado en el complejo de piscinas naturales de la playa de La Laja. La actuaci\u00f3n, que arranc\u00f3 el jueves 27 de agosto, avanza seg\u00fan lo previsto para que las instalaciones est\u00e9n operativas antes de finalizar septiembre.<\/p>\n<p>Pedro Quevedo, concejal de Ciudad de Mar, explic\u00f3 que la maquinaria ya ha empezado a retirar los sedimentos acumulados en la piscina infantil y en la piscina sur, que quedar\u00e1n en condiciones \u00f3ptimas en las pr\u00f3ximas semanas. Los trabajos se realizan por fases para reabrir progresivamente cada vaso una vez concluya su acondicionamiento.<\/p>\n<h3>Plan de actuaci\u00f3n y plazos<\/h3>\n<p>El plan de trabajo intensivo prioriza el vaso norte, el de mayor acumulaci\u00f3n de sedimentos, que requerir\u00e1 el acceso inicial de maquinaria. Una vez finalizada esta fase, se reabrir\u00e1 al p\u00fablico para trasladar la actuaci\u00f3n al vaso central y, posteriormente, a la piscina sur. El resto del recinto ir\u00e1 quedando operativo de forma progresiva a medida que se certifiquen las condiciones de seguridad y salubridad.<\/p>\n<p>Tras la jornada inicial de acopio de materiales y colocaci\u00f3n de vallas y se\u00f1al\u00e9tica, este viernes continuaron las tareas de bombeo de la arena extra\u00edda, que se est\u00e1 vertiendo en el extremo norte de la playa sin salir del sistema ecol\u00f3gico.<\/p>\n<h3>Inversi\u00f3n y disculpas por las molestias<\/h3>\n<p>La inversi\u00f3n municipal asciende a 130.177,57 euros para retirar los sedimentos acumulados y optimizar el estado de este espacio litoral del Cono Sur. Quevedo reiter\u00f3 las disculpas a los usuarios por ejecutar la obra en temporada estival, destacando que se trata de una actuaci\u00f3n indispensable para mejorar la calidad y seguridad de estas instalaciones.<\/p>\n","protected":false},"excerpt":{"rendered":"<p>El concejal de Ciudad de Mar, Pedro Quevedo, ha visitado hoy los trabajos iniciados ayer, 27 de agosto, indicando que ya ha comenzado la expulsi\u00f3n del \u00e1rido acumulado en la&hellip;<\/p>\n","protected":false},"author":1,"featured_media":17891,"comment_status":"open","ping_status":"open","sticky":false,"template":"","format":"standard","meta":{"wpai_generated_summary":"","wpai_meta_description":"","footnotes":""},"categories":[132],"tags":[],"class_list":["post-17842","post","type-post","status-publish","format-standard","has-post-thumbnail","hentry","category-ayuntamiento-de-las-palmas-de-gran-canaria"],"_links":{"self":[{"href":"https:\/\/nublo.tv\/index.php\/wp-json\/wp\/v2\/posts\/17842","targetHints":{"allow":["GET"]}}],"collection":[{"href":"https:\/\/nublo.tv\/index.php\/wp-json\/wp\/v2\/posts"}],"about":[{"href":"https:\/\/nublo.tv\/index.php\/wp-json\/wp\/v2\/types\/post"}],"author":[{"embeddable":true,"href":"https:\/\/nublo.tv\/index.php\/wp-json\/wp\/v2\/users\/1"}],"replies":[{"embeddable":true,"href":"https:\/\/nublo.tv\/index.php\/wp-json\/wp\/v2\/comments?post=17842"}],"version-history":[{"count":2,"href":"https:\/\/nublo.tv\/index.php\/wp-json\/wp\/v2\/posts\/17842\/revisions"}],"predecessor-version":[{"id":17890,"href":"https:\/\/nublo.tv\/index.php\/wp-json\/wp\/v2\/posts\/17842\/revisions\/17890"}],"wp:featuredmedia":[{"embeddable":true,"href":"https:\/\/nublo.tv\/index.php\/wp-json\/wp\/v2\/media\/17891"}],"wp:attachment":[{"href":"https:\/\/nublo.tv\/index.php\/wp-json\/wp\/v2\/media?parent=17842"}],"wp:term":[{"taxonomy":"category","embeddable":true,"href":"https:\/\/nublo.tv\/index.php\/wp-json\/wp\/v2\/categories?post=17842"},{"taxonomy":"post_tag","embeddable":true,"href":"https:\/\/nublo.tv\/index.php\/wp-json\/wp\/v2\/tags?post=17842"}],"curies":[{"name":"wp","href":"https:\/\/api.w.org\/{rel}","templated":true}]}}