{"id":17844,"date":"2026-08-28T14:48:15","date_gmt":"2026-08-28T13:48:15","guid":{"rendered":"https:\/\/nublo.tv\/?p=17844"},"modified":"2026-08-28T14:48:15","modified_gmt":"2026-08-28T13:48:15","slug":"el-aparcamiento-de-la-estacion-de-guaguas-de-teror-abrira-gratis-en-dias-clave-de-las-fiestas-del-pino","status":"publish","type":"post","link":"https:\/\/nublo.tv\/index.php\/2026\/08\/28\/el-aparcamiento-de-la-estacion-de-guaguas-de-teror-abrira-gratis-en-dias-clave-de-las-fiestas-del-pino\/","title":{"rendered":"El aparcamiento de la Estaci\u00f3n de Guaguas de Teror abrir\u00e1 gratis en d\u00edas clave de las Fiestas del Pino"},"content":{"rendered":"<p><strong>El aparcamiento de la Estaci\u00f3n de Guaguas de Teror permanecer\u00e1 abierto de forma gratuita durante los eventos multitudinarios de las Fiestas del Pino, desde este viernes 28 de agosto hasta el 26 de septiembre, seg\u00fan ha informado el Ayuntamiento.<\/strong><\/p>\n<p>El estacionamiento subterr\u00e1neo de Global, con casi 200 plazas, estar\u00e1 disponible sin coste en d\u00edas de gran afluencia, como el preg\u00f3n, el Festival de Arte en la Calle o el Rallye Villa de Teror. Adem\u00e1s, el parking bajo la Plaza de Sintes ampliar\u00e1 sus horarios, manteniendo la apertura nocturna hasta las 3:30 en las fechas de mayor actividad.<\/p>\n<h3>Cierre temporal por el Festival de Arte<\/h3>\n<p>El estacionamiento de las Oficinas Municipales permanecer\u00e1 cerrado desde la noche del jueves 27 de agosto hasta el domingo 30 de agosto a las 22:00 horas debido al Festival de Arte \u2018EnPIe\u2019.<\/p>\n<h3>Recomendaciones de movilidad<\/h3>\n<p>El \u00c1rea de Movilidad del Ayuntamiento, dirigida por la edil Laura Quintana, ha agradecido a la Unidad \u00danica del Transporte de Gran Canaria y a Global la cesi\u00f3n del aparcamiento. Las autoridades advierten de que las plazas en el casco urbano son limitadas y recomiendan el uso del transporte p\u00fablico.<\/p>\n<p>Adem\u00e1s del parking de la Estaci\u00f3n de Guaguas, los conductores podr\u00e1n estacionar en los bajos de la Plaza de Sintes, el solar de Los Y\u00e1nez Matos, la zona de Los Perales, la entrada a Teror junto a la gasolinera y el solar de La Marina en San Mat\u00edas, de titularidad municipal.<\/p>\n","protected":false},"excerpt":{"rendered":"<p>Desde el 28 de agosto al 26 de septiembre, el Parking de Global y el del Parque de Sintes ampl\u00edan sus horarios. Con motivo de las Fiesta del Pino, el&hellip;<\/p>\n","protected":false},"author":1,"featured_media":17845,"comment_status":"open","ping_status":"open","sticky":false,"template":"","format":"standard","meta":{"wpai_generated_summary":"","wpai_meta_description":"","footnotes":""},"categories":[141],"tags":[],"class_list":["post-17844","post","type-post","status-publish","format-standard","has-post-thumbnail","hentry","category-ayuntamiento-de-teror"],"_links":{"self":[{"href":"https:\/\/nublo.tv\/index.php\/wp-json\/wp\/v2\/posts\/17844","targetHints":{"allow":["GET"]}}],"collection":[{"href":"https:\/\/nublo.tv\/index.php\/wp-json\/wp\/v2\/posts"}],"about":[{"href":"https:\/\/nublo.tv\/index.php\/wp-json\/wp\/v2\/types\/post"}],"author":[{"embeddable":true,"href":"https:\/\/nublo.tv\/index.php\/wp-json\/wp\/v2\/users\/1"}],"replies":[{"embeddable":true,"href":"https:\/\/nublo.tv\/index.php\/wp-json\/wp\/v2\/comments?post=17844"}],"version-history":[{"count":2,"href":"https:\/\/nublo.tv\/index.php\/wp-json\/wp\/v2\/posts\/17844\/revisions"}],"predecessor-version":[{"id":17906,"href":"https:\/\/nublo.tv\/index.php\/wp-json\/wp\/v2\/posts\/17844\/revisions\/17906"}],"wp:featuredmedia":[{"embeddable":true,"href":"https:\/\/nublo.tv\/index.php\/wp-json\/wp\/v2\/media\/17845"}],"wp:attachment":[{"href":"https:\/\/nublo.tv\/index.php\/wp-json\/wp\/v2\/media?parent=17844"}],"wp:term":[{"taxonomy":"category","embeddable":true,"href":"https:\/\/nublo.tv\/index.php\/wp-json\/wp\/v2\/categories?post=17844"},{"taxonomy":"post_tag","embeddable":true,"href":"https:\/\/nublo.tv\/index.php\/wp-json\/wp\/v2\/tags?post=17844"}],"curies":[{"name":"wp","href":"https:\/\/api.w.org\/{rel}","templated":true}]}}