{"id":17846,"date":"2026-08-28T14:48:12","date_gmt":"2026-08-28T13:48:12","guid":{"rendered":"https:\/\/nublo.tv\/?p=17846"},"modified":"2026-08-28T14:48:12","modified_gmt":"2026-08-28T13:48:12","slug":"el-ayuntamiento-de-teror-concede-la-insignia-de-oro-al-regimiento-de-infanteria-canarias-no-50","status":"publish","type":"post","link":"https:\/\/nublo.tv\/index.php\/2026\/08\/28\/el-ayuntamiento-de-teror-concede-la-insignia-de-oro-al-regimiento-de-infanteria-canarias-no-50\/","title":{"rendered":"El Ayuntamiento de Teror concede la Insignia de Oro al Regimiento de Infanter\u00eda Canarias n\u00ba 50"},"content":{"rendered":"<p><strong>El Pleno del Ayuntamiento de Teror aprob\u00f3 este jueves 28 de agosto la concesi\u00f3n de la Insignia de Oro al Regimiento de Infanter\u00eda Canarias n\u00ba 50, en reconocimiento a su trayectoria hist\u00f3rica y vinculaci\u00f3n con el municipio. La distinci\u00f3n se entregar\u00e1 el 17 de septiembre en un acto p\u00fablico junto a otros reconocimientos.<\/strong><\/p>\n<p>El Pleno municipal aprob\u00f3 por unanimidad otorgar la Insignia de Oro al Regimiento de Infanter\u00eda \u00abCanarias\u00bb n\u00ba 50, destacando su \u00abejemplar trayectoria hist\u00f3rica, su servicio a la sociedad canaria, su estrecha vinculaci\u00f3n con Teror y su contribuci\u00f3n al fortalecimiento de las tradiciones e identidad institucional del municipio\u00bb.<\/p>\n<p>La entrega de la distinci\u00f3n tendr\u00e1 lugar el 17 de septiembre a las 21:00 horas en la Plaza del Pino, donde tambi\u00e9n se har\u00e1 entrega de otros reconocimientos: el t\u00edtulo de Hijo Adoptivo de Teror al doctor Juan Antonio Hern\u00e1ndez Navarro, y las Insignias de Oro a la tradici\u00f3n de la Tra\u00edda de los Arcos de Arbejales y a la empresa Salcai-Utinsa (Global), aprobadas en junio.<\/p>\n<h3>Acuerdo sobre contrataci\u00f3n inform\u00e1tica<\/h3>\n<p>El Pleno tambi\u00e9n aprob\u00f3 por unanimidad la adhesi\u00f3n del Ayuntamiento a la contrataci\u00f3n conjunta promovida por la Mancomunidad de Ayuntamientos del Norte de Gran Canaria para servicios inform\u00e1ticos municipales. El contrato, que comenzar\u00e1 el 1 de enero de 2027, tendr\u00e1 una duraci\u00f3n inicial de 24 meses y podr\u00e1 prorrogarse hasta diciembre de 2030. Teror participar\u00e1 en los lotes 1, 2 y 3, sin imputar gastos al ejercicio 2026.<\/p>\n<p>El lote 2, correspondiente a la gesti\u00f3n econ\u00f3mico-financiera y contabilidad, se adjudicar\u00e1 y ejecutar\u00e1 en 2027. La financiaci\u00f3n incluye el IGIC al 7% y establece un l\u00edmite m\u00e1ximo de gasto.<\/p>\n<h3>V\u00ednculo hist\u00f3rico con el Regimiento<\/h3>\n<p>La relaci\u00f3n entre el Regimiento y Teror tiene un profundo significado hist\u00f3rico e institucional, basado en la devoci\u00f3n compartida a Nuestra Se\u00f1ora del Pino, Patrona de la Di\u00f3cesis de Canarias. La unidad militar participa desde hace d\u00e9cadas en los actos religiosos, militares e institucionales de las Fiestas del Pino, uno de los eventos m\u00e1s relevantes de Gran Canaria.<\/p>\n<p>La presencia anual de la Bandera del Regimiento, la Compa\u00f1\u00eda de Honores, la Banda de Guerra y sus militares en los actos solemnes refuerza el car\u00e1cter institucional de las celebraciones y evidencia los v\u00ednculos de colaboraci\u00f3n entre el Ej\u00e9rcito de Tierra y el municipio.<\/p>\n","protected":false},"excerpt":{"rendered":"<p>Tras su aprobaci\u00f3n en el Pleno de este jueves 27 de agosto, la distinci\u00f3n ser\u00e1 entregada en el acto institucional del 17 de junio, junto a los reconocimientos de Hijo&hellip;<\/p>\n","protected":false},"author":1,"featured_media":17847,"comment_status":"open","ping_status":"open","sticky":false,"template":"","format":"standard","meta":{"wpai_generated_summary":"","wpai_meta_description":"","footnotes":""},"categories":[141],"tags":[],"class_list":["post-17846","post","type-post","status-publish","format-standard","has-post-thumbnail","hentry","category-ayuntamiento-de-teror"],"_links":{"self":[{"href":"https:\/\/nublo.tv\/index.php\/wp-json\/wp\/v2\/posts\/17846","targetHints":{"allow":["GET"]}}],"collection":[{"href":"https:\/\/nublo.tv\/index.php\/wp-json\/wp\/v2\/posts"}],"about":[{"href":"https:\/\/nublo.tv\/index.php\/wp-json\/wp\/v2\/types\/post"}],"author":[{"embeddable":true,"href":"https:\/\/nublo.tv\/index.php\/wp-json\/wp\/v2\/users\/1"}],"replies":[{"embeddable":true,"href":"https:\/\/nublo.tv\/index.php\/wp-json\/wp\/v2\/comments?post=17846"}],"version-history":[{"count":2,"href":"https:\/\/nublo.tv\/index.php\/wp-json\/wp\/v2\/posts\/17846\/revisions"}],"predecessor-version":[{"id":17905,"href":"https:\/\/nublo.tv\/index.php\/wp-json\/wp\/v2\/posts\/17846\/revisions\/17905"}],"wp:featuredmedia":[{"embeddable":true,"href":"https:\/\/nublo.tv\/index.php\/wp-json\/wp\/v2\/media\/17847"}],"wp:attachment":[{"href":"https:\/\/nublo.tv\/index.php\/wp-json\/wp\/v2\/media?parent=17846"}],"wp:term":[{"taxonomy":"category","embeddable":true,"href":"https:\/\/nublo.tv\/index.php\/wp-json\/wp\/v2\/categories?post=17846"},{"taxonomy":"post_tag","embeddable":true,"href":"https:\/\/nublo.tv\/index.php\/wp-json\/wp\/v2\/tags?post=17846"}],"curies":[{"name":"wp","href":"https:\/\/api.w.org\/{rel}","templated":true}]}}