{"id":17848,"date":"2026-08-28T14:46:55","date_gmt":"2026-08-28T13:46:55","guid":{"rendered":"https:\/\/nublo.tv\/?p=17848"},"modified":"2026-08-28T14:46:55","modified_gmt":"2026-08-28T13:46:55","slug":"el-cabildo-programa-visitas-guiadas-sobre-la-huella-urbanistica-del-turismo-en-las-palmas","status":"publish","type":"post","link":"https:\/\/nublo.tv\/index.php\/2026\/08\/28\/el-cabildo-programa-visitas-guiadas-sobre-la-huella-urbanistica-del-turismo-en-las-palmas\/","title":{"rendered":"El Cabildo programa visitas guiadas sobre la huella urban\u00edstica del turismo en Las Palmas"},"content":{"rendered":"<p><strong>El Cabildo de Gran Canaria ha organizado una visita guiada gratuita para analizar la transformaci\u00f3n urban\u00edstica vinculada al turismo en zonas como el Puerto, Santa Catalina y Las Canteras, que se celebrar\u00e1 en varias fechas entre septiembre y octubre.<\/strong><\/p>\n<p>El recorrido, titulado \u2018Arquitectura y espacio del Turismo\u2019, tendr\u00e1 lugar los d\u00edas 3, 5, 10, 12, 17, 19, 24 y 26 de septiembre, adem\u00e1s del 1 y 3 de octubre. La iniciativa, promovida por el Servicio de Patrimonio Hist\u00f3rico, forma parte de un programa de visitas guiadas adscrito al \u00c1rea de Presidencia y Movilidad Sostenible.<\/p>\n<p>Las inscripciones, con plazas limitadas, podr\u00e1n formalizarse a partir del 31 de agosto a las 09:00 horas a trav\u00e9s de la plataforma <a href=\"https:\/\/visitaspatrimonio.grancanaria.com\">visitaspatrimonio.grancanaria.com<\/a>, donde tambi\u00e9n se detallan los requisitos y el punto de encuentro, situado en la Casa del Turismo del Parque de Santa Catalina. La duraci\u00f3n estimada de la ruta es de hora y media.<\/p>\n<h3>La evoluci\u00f3n tur\u00edstica de la ciudad<\/h3>\n<p>El Puerto, Santa Catalina y Las Canteras conforman uno de los conjuntos urbanos m\u00e1s representativos de la historia de Las Palmas de Gran Canaria. Estas zonas reflejan c\u00f3mo la ciudad se adapt\u00f3 a la llegada del turismo, especialmente desde finales del siglo XIX, cuando los primeros viajeros brit\u00e1nicos, alemanes y franceses llegaron atra\u00eddos por el clima y el descanso.<\/p>\n<p>Inicialmente, los turistas se alojaban en \u00e1reas como Ciudad Jard\u00edn, donde se desarroll\u00f3 un modelo de villas y hoteles vinculados a la presencia brit\u00e1nica. Con el tiempo, la actividad tur\u00edstica se desplaz\u00f3 hacia la costa, convirtiendo el Puerto, el Parque Santa Catalina y Las Canteras en un centro de ocio y encuentro, con una identidad cosmopolita que qued\u00f3 reflejada en postales de la \u00e9poca.<\/p>\n<h3>Edificios emblem\u00e1ticos y transformaci\u00f3n urbana<\/h3>\n<p>Edificios como la Casa del Turismo, los Apartamentos Miami, el AC Hotel (antes Hotel Don Juan y Hotel Los Bardinos), el Hotel Catalina Plaza o el Hotel Concorde forman parte de los primeros centros hist\u00f3ricos del turismo en Canarias. Calles como Luis Morote o Ripoche, repletas de comercios, bazares, salas de fiestas y restaurantes, conformaban un nuevo escenario que los turistas recorr\u00edan a pie o en tartanas.<\/p>\n<p>La Playa de Las Canteras tambi\u00e9n fue un eje clave en este desarrollo, con la creaci\u00f3n de un paseo y la consolidaci\u00f3n del Puerto de la Luz. Hoteles como el Hotel Towers (actual Comandancia Marina), el Hotel Cristina o el Hotel Reina Isabel representan diferentes etapas del turismo en la ciudad. Destaca adem\u00e1s la llamada \u201ccasa tirolesa\u201d, dise\u00f1ada por Miguel Mart\u00edn-Fern\u00e1ndez de la Torre, uno de los arquitectos que modernizaron la ciudad junto a figuras como Laureano Arroyo.<\/p>\n","protected":false},"excerpt":{"rendered":"<p>El Cabildo de Gran Canaria organiza una visita guiada para seguir la huella urban\u00edstica del turismo en el Puerto, Santa Catalina y Las Canteras El recorrido \u2018Arquitectura y espacio del&hellip;<\/p>\n","protected":false},"author":1,"featured_media":17877,"comment_status":"open","ping_status":"open","sticky":false,"template":"","format":"standard","meta":{"wpai_generated_summary":"","wpai_meta_description":"","footnotes":""},"categories":[148],"tags":[],"class_list":["post-17848","post","type-post","status-publish","format-standard","has-post-thumbnail","hentry","category-cabildo-de-gran-canaria"],"_links":{"self":[{"href":"https:\/\/nublo.tv\/index.php\/wp-json\/wp\/v2\/posts\/17848","targetHints":{"allow":["GET"]}}],"collection":[{"href":"https:\/\/nublo.tv\/index.php\/wp-json\/wp\/v2\/posts"}],"about":[{"href":"https:\/\/nublo.tv\/index.php\/wp-json\/wp\/v2\/types\/post"}],"author":[{"embeddable":true,"href":"https:\/\/nublo.tv\/index.php\/wp-json\/wp\/v2\/users\/1"}],"replies":[{"embeddable":true,"href":"https:\/\/nublo.tv\/index.php\/wp-json\/wp\/v2\/comments?post=17848"}],"version-history":[{"count":2,"href":"https:\/\/nublo.tv\/index.php\/wp-json\/wp\/v2\/posts\/17848\/revisions"}],"predecessor-version":[{"id":17876,"href":"https:\/\/nublo.tv\/index.php\/wp-json\/wp\/v2\/posts\/17848\/revisions\/17876"}],"wp:featuredmedia":[{"embeddable":true,"href":"https:\/\/nublo.tv\/index.php\/wp-json\/wp\/v2\/media\/17877"}],"wp:attachment":[{"href":"https:\/\/nublo.tv\/index.php\/wp-json\/wp\/v2\/media?parent=17848"}],"wp:term":[{"taxonomy":"category","embeddable":true,"href":"https:\/\/nublo.tv\/index.php\/wp-json\/wp\/v2\/categories?post=17848"},{"taxonomy":"post_tag","embeddable":true,"href":"https:\/\/nublo.tv\/index.php\/wp-json\/wp\/v2\/tags?post=17848"}],"curies":[{"name":"wp","href":"https:\/\/api.w.org\/{rel}","templated":true}]}}