{"id":17850,"date":"2026-08-28T14:48:19","date_gmt":"2026-08-28T13:48:19","guid":{"rendered":"https:\/\/nublo.tv\/?p=17850"},"modified":"2026-08-28T14:48:19","modified_gmt":"2026-08-28T13:48:19","slug":"emprendedores-del-municipio-participan-en-el-gran-prix-de-ventas-y-visibilidad","status":"publish","type":"post","link":"https:\/\/nublo.tv\/index.php\/2026\/08\/28\/emprendedores-del-municipio-participan-en-el-gran-prix-de-ventas-y-visibilidad\/","title":{"rendered":"Emprendedores del municipio participan en el Gran Prix de Ventas y Visibilidad"},"content":{"rendered":"<p><strong>Emprendedores del municipio han participado en el Gran Prix de Ventas y Visibilidad, un evento organizado en el marco del Simposio Estatal sobre Intervenci\u00f3n Comunitaria.<\/strong><\/p>\n<p>El encuentro, dirigido a impulsar la visibilidad y las estrategias comerciales de los proyectos locales, reuni\u00f3 a representantes de distintos sectores del tejido empresarial.<\/p>\n<p>Durante la jornada, los asistentes tuvieron la oportunidad de exponer sus iniciativas y recibir formaci\u00f3n especializada en t\u00e9cnicas de venta y promoci\u00f3n.<\/p>\n<h3>Objetivos del evento<\/h3>\n<p>El Gran Prix de Ventas y Visibilidad busca fomentar el emprendimiento local mediante herramientas pr\u00e1cticas para mejorar la competitividad en el mercado.<\/p>\n<p>La actividad se enmarca dentro de las acciones promovidas por el Simposio Estatal, que este a\u00f1o ha centrado su atenci\u00f3n en la intervenci\u00f3n comunitaria como motor de desarrollo econ\u00f3mico.<\/p>\n","protected":false},"excerpt":{"rendered":"<p>Simposio estatal: La Intervenci\u00f3n Comunitaria<\/p>\n","protected":false},"author":1,"featured_media":17851,"comment_status":"open","ping_status":"open","sticky":false,"template":"","format":"standard","meta":{"wpai_generated_summary":"","wpai_meta_description":"","footnotes":""},"categories":[137],"tags":[],"class_list":["post-17850","post","type-post","status-publish","format-standard","has-post-thumbnail","hentry","category-ayuntamiento-de-santa-lucia-de-tirajana"],"_links":{"self":[{"href":"https:\/\/nublo.tv\/index.php\/wp-json\/wp\/v2\/posts\/17850","targetHints":{"allow":["GET"]}}],"collection":[{"href":"https:\/\/nublo.tv\/index.php\/wp-json\/wp\/v2\/posts"}],"about":[{"href":"https:\/\/nublo.tv\/index.php\/wp-json\/wp\/v2\/types\/post"}],"author":[{"embeddable":true,"href":"https:\/\/nublo.tv\/index.php\/wp-json\/wp\/v2\/users\/1"}],"replies":[{"embeddable":true,"href":"https:\/\/nublo.tv\/index.php\/wp-json\/wp\/v2\/comments?post=17850"}],"version-history":[{"count":2,"href":"https:\/\/nublo.tv\/index.php\/wp-json\/wp\/v2\/posts\/17850\/revisions"}],"predecessor-version":[{"id":17907,"href":"https:\/\/nublo.tv\/index.php\/wp-json\/wp\/v2\/posts\/17850\/revisions\/17907"}],"wp:featuredmedia":[{"embeddable":true,"href":"https:\/\/nublo.tv\/index.php\/wp-json\/wp\/v2\/media\/17851"}],"wp:attachment":[{"href":"https:\/\/nublo.tv\/index.php\/wp-json\/wp\/v2\/media?parent=17850"}],"wp:term":[{"taxonomy":"category","embeddable":true,"href":"https:\/\/nublo.tv\/index.php\/wp-json\/wp\/v2\/categories?post=17850"},{"taxonomy":"post_tag","embeddable":true,"href":"https:\/\/nublo.tv\/index.php\/wp-json\/wp\/v2\/tags?post=17850"}],"curies":[{"name":"wp","href":"https:\/\/api.w.org\/{rel}","templated":true}]}}