{"id":17862,"date":"2026-08-28T15:06:37","date_gmt":"2026-08-28T14:06:37","guid":{"rendered":"https:\/\/nublo.tv\/?p=17862"},"modified":"2026-08-28T15:06:37","modified_gmt":"2026-08-28T14:06:37","slug":"de-aqui-pal-repique-gana-el-concurso-cultural-2026-de-la-aldea-de-san-nicolas","status":"publish","type":"post","link":"https:\/\/nublo.tv\/index.php\/2026\/08\/28\/de-aqui-pal-repique-gana-el-concurso-cultural-2026-de-la-aldea-de-san-nicolas\/","title":{"rendered":"De Aqu\u00ed P\u2019Al Repique gana el Concurso Cultural 2026 de La Aldea de San Nicol\u00e1s"},"content":{"rendered":"<p><strong>El equipo De Aqu\u00ed P\u2019Al Repique se ha proclamado ganador del Concurso Cultural 2026 de La Aldea de San Nicol\u00e1s, un certamen celebrado entre el 24 y el 26 de agosto en la Plaza del Proyecto de Desarrollo Comunitario.<\/strong><\/p>\n<p>La iniciativa, organizada a trav\u00e9s de la Concejal\u00eda de Cultura que dirige V\u00edctor Juan Hern\u00e1ndez, cont\u00f3 con la participaci\u00f3n de cinco equipos: De Aqu\u00ed P\u2019Al Repique, Nicolinos c\u00f3mprale la camisa a Luci, Los Sapos, La Bandurria de N\u00e9stor y Las de Mamina. Tras superar las distintas fases de preguntas sobre cultura general e ingenio, De Aqu\u00ed P\u2019Al Repique obtuvo el primer premio de 250 euros. El segundo puesto fue para Nicolinos c\u00f3mprale la camisa a Luci, galardonado con 200 euros, y el tercer lugar correspondi\u00f3 a Las de Mamina, que recibi\u00f3 150 euros.<\/p>\n<p>La competici\u00f3n mantuvo las reglas de la edici\u00f3n anterior, permitiendo la inscripci\u00f3n de grupos de hasta seis personas mayores de 16 a\u00f1os, con el requisito de que al menos una de ellas superase los 50 a\u00f1os. Cada conjunto cont\u00f3 con un coordinador general y visti\u00f3 una camiseta de un color espec\u00edfico para diferenciarse durante el desarrollo de las pruebas.<\/p>\n<h3>Valoraciones y reconocimientos<\/h3>\n<p>El concejal de Cultura, V\u00edctor Juan Hern\u00e1ndez, agradeci\u00f3 \u00abla participaci\u00f3n y el entusiasmo demostrado por todos los equipos durante estas tres jornadas\u00bb, se\u00f1alando que \u00abel \u00e9xito de este concurso no est\u00e1 \u00fanicamente en conocer al equipo ganador, sino en conseguir que la ciudadan\u00eda se implique, disfrute y comparta una experiencia en torno a la cultura y el conocimiento\u00bb. El edil tambi\u00e9n puso en valor el trabajo realizado en la preparaci\u00f3n del formato y anim\u00f3 a los vecinos a seguir sum\u00e1ndose a pr\u00f3ximas ediciones.<\/p>\n<p>La organizaci\u00f3n reconoci\u00f3 el trabajo del cuerpo de azafatas y del equipo t\u00e9cnico y de sonido de la empresa Gustavo Ram\u00edrez, junto al trabajo de Miguel Afonso, Rom\u00e1n Navarro y Carlos Su\u00e1rez en la producci\u00f3n. De forma particular, la corporaci\u00f3n destac\u00f3 la participaci\u00f3n de Mamina por su aportaci\u00f3n al intercambio de conocimientos entre generaciones.<\/p>\n<p>La direcci\u00f3n, coordinaci\u00f3n del concurso y las funciones de jurado fueron asumidas por la Asociaci\u00f3n L\u00fadica y Deportiva Sombras de Inagua, junto al fot\u00f3grafo Julio Montesdeoca. El certamen cont\u00f3 con Aar\u00f3n Castellano como presentador, mientras que los artistas Dailos Socorro y Miguel \u00c1ngel Mendoza elaboraron un cuadro conmemorativo y confeccionaron el papahuevo de Silverio Garc\u00eda. La cita incluy\u00f3 la actuaci\u00f3n de la bailarina Marian Hern\u00e1ndez y el cierre musical a cargo de la Charanga Archipi\u00e9lago.<\/p>\n","protected":false},"excerpt":{"rendered":"<p>El Ayuntamiento de La Aldea de San Nicol\u00e1s, a trav\u00e9s de la Concejal\u00eda de Cultura que dirige V\u00edctor Juan Hern\u00e1ndez, celebr\u00f3 entre el 24 y 26 de agosto una nueva&hellip;<\/p>\n","protected":false},"author":1,"featured_media":17914,"comment_status":"open","ping_status":"open","sticky":false,"template":"","format":"standard","meta":{"wpai_generated_summary":"","wpai_meta_description":"","footnotes":""},"categories":[131],"tags":[],"class_list":["post-17862","post","type-post","status-publish","format-standard","has-post-thumbnail","hentry","category-ayuntamiento-de-la-aldea-de-san-nicolas"],"_links":{"self":[{"href":"https:\/\/nublo.tv\/index.php\/wp-json\/wp\/v2\/posts\/17862","targetHints":{"allow":["GET"]}}],"collection":[{"href":"https:\/\/nublo.tv\/index.php\/wp-json\/wp\/v2\/posts"}],"about":[{"href":"https:\/\/nublo.tv\/index.php\/wp-json\/wp\/v2\/types\/post"}],"author":[{"embeddable":true,"href":"https:\/\/nublo.tv\/index.php\/wp-json\/wp\/v2\/users\/1"}],"replies":[{"embeddable":true,"href":"https:\/\/nublo.tv\/index.php\/wp-json\/wp\/v2\/comments?post=17862"}],"version-history":[{"count":2,"href":"https:\/\/nublo.tv\/index.php\/wp-json\/wp\/v2\/posts\/17862\/revisions"}],"predecessor-version":[{"id":17913,"href":"https:\/\/nublo.tv\/index.php\/wp-json\/wp\/v2\/posts\/17862\/revisions\/17913"}],"wp:featuredmedia":[{"embeddable":true,"href":"https:\/\/nublo.tv\/index.php\/wp-json\/wp\/v2\/media\/17914"}],"wp:attachment":[{"href":"https:\/\/nublo.tv\/index.php\/wp-json\/wp\/v2\/media?parent=17862"}],"wp:term":[{"taxonomy":"category","embeddable":true,"href":"https:\/\/nublo.tv\/index.php\/wp-json\/wp\/v2\/categories?post=17862"},{"taxonomy":"post_tag","embeddable":true,"href":"https:\/\/nublo.tv\/index.php\/wp-json\/wp\/v2\/tags?post=17862"}],"curies":[{"name":"wp","href":"https:\/\/api.w.org\/{rel}","templated":true}]}}