{"id":1790,"date":"2026-08-06T11:10:16","date_gmt":"2026-08-06T10:10:16","guid":{"rendered":"https:\/\/nublo.tv\/?p=1790"},"modified":"2026-08-06T11:10:16","modified_gmt":"2026-08-06T10:10:16","slug":"xvi-certamen-de-pintura-rapida-la-cuevita-2026","status":"publish","type":"post","link":"https:\/\/nublo.tv\/index.php\/2026\/08\/06\/xvi-certamen-de-pintura-rapida-la-cuevita-2026\/","title":{"rendered":"XVI Certamen de Pintura R\u00e1pida \u201cLa Cuevita 2026\u201d"},"content":{"rendered":"<div class=\"wp-block-image\">\n<figure class=\"aligncenter size-full\"><img decoding=\"async\" src=\"https:\/\/www.artenara.es\/portal-ciudadano\/wp-content\/uploads\/2026\/08\/PINTURA-RAPIDA-2026.jpeg\" alt=\"\" class=\"wp-image-16237\" \/><\/figure>\n<\/div>\n<p class=\"wp-block-paragraph\">El Ayuntamiento de Artenara convoca una nueva edici\u00f3n del Certamen de Pintura R\u00e1pida \u00abLa Cuevita\u00bb, que se celebrar\u00e1 el pr\u00f3ximo <strong>22 de agosto de 2026<\/strong>.<\/p>\n<p class=\"wp-block-paragraph\">Se establecen los siguientes premios:<br \/><img decoding=\"async\" src=\"https:\/\/s.w.org\/images\/core\/emoji\/17.0.2\/72x72\/1f947.png\" alt=\"\ud83e\udd47\" class=\"wp-smiley\" style=\"height: 1em;max-height: 1em\" \/> <strong>1.\u00ba Premio:<\/strong> 300 \u20ac<br \/><img decoding=\"async\" src=\"https:\/\/s.w.org\/images\/core\/emoji\/17.0.2\/72x72\/1f948.png\" alt=\"\ud83e\udd48\" class=\"wp-smiley\" style=\"height: 1em;max-height: 1em\" \/> <strong>2.\u00ba Premio:<\/strong> 200 \u20ac<br \/><img decoding=\"async\" src=\"https:\/\/s.w.org\/images\/core\/emoji\/17.0.2\/72x72\/1f949.png\" alt=\"\ud83e\udd49\" class=\"wp-smiley\" style=\"height: 1em;max-height: 1em\" \/> <strong>3.\u00ba Premio:<\/strong> 100 \u20ac<\/p>\n<p class=\"wp-block-paragraph\">Las inscripciones se realizar\u00e1n el mismo d\u00eda del certamen, de <strong>9:00 a 10:00 horas<\/strong>, en el <strong>Centro Cultural Cronista Jos\u00e9 Antonio Luj\u00e1n Henr\u00edquez<\/strong>.<\/p>\n<p class=\"wp-block-paragraph\">Las personas interesadas pueden consultar las <strong>bases completas<\/strong> aqu\u00ed:<\/p>\n<div class=\"wp-block-image\">\n<figure class=\"aligncenter size-large\"><img loading=\"lazy\" decoding=\"async\" width=\"724\" height=\"1024\" src=\"https:\/\/www.artenara.es\/portal-ciudadano\/wp-content\/uploads\/2026\/08\/PINTURA-RAPIDA-2026-2-724x1024.jpeg\" alt=\"\" class=\"wp-image-16238\" \/><\/figure>\n<\/div>\n<div class=\"wp-block-image\">\n<figure class=\"aligncenter size-large\"><img loading=\"lazy\" decoding=\"async\" width=\"724\" height=\"1024\" src=\"https:\/\/www.artenara.es\/portal-ciudadano\/wp-content\/uploads\/2026\/08\/PINTURA-RAPIDA-2026-3-724x1024.jpeg\" alt=\"\" class=\"wp-image-16239\" \/><\/figure>\n<\/div>\n<div class=\"wp-block-image\">\n<figure class=\"aligncenter size-large\"><img loading=\"lazy\" decoding=\"async\" width=\"724\" height=\"1024\" src=\"https:\/\/www.artenara.es\/portal-ciudadano\/wp-content\/uploads\/2026\/08\/PINTURA-RAPIDA-2026-4-724x1024.jpeg\" alt=\"\" class=\"wp-image-16240\" \/><\/figure>\n<\/div>\n<div class=\"wp-block-image\">\n<figure class=\"aligncenter size-large\"><img decoding=\"async\" loading=\"lazy\" width=\"724\" height=\"1024\" src=\"https:\/\/www.artenara.es\/portal-ciudadano\/wp-content\/uploads\/2026\/08\/PINTURA-RAPIDA-2026-5-724x1024.jpeg\" alt=\"\" class=\"wp-image-16241\" \/><\/figure>\n<\/div>\n","protected":false},"excerpt":{"rendered":"<p>El Ayuntamiento de Artenara convoca una nueva edici\u00f3n del Certamen de Pintura R\u00e1pida \u00abLa Cuevita\u00bb, que se celebrar\u00e1 el pr\u00f3ximo 22 de agosto de 2026. Se establecen los siguientes premios:&hellip;<\/p>\n","protected":false},"author":1,"featured_media":1791,"comment_status":"open","ping_status":"open","sticky":false,"template":"","format":"standard","meta":{"wpai_generated_summary":"","wpai_meta_description":"","footnotes":""},"categories":[127],"tags":[],"class_list":["post-1790","post","type-post","status-publish","format-standard","has-post-thumbnail","hentry","category-ayuntamiento-de-arucas"],"_links":{"self":[{"href":"https:\/\/nublo.tv\/index.php\/wp-json\/wp\/v2\/posts\/1790","targetHints":{"allow":["GET"]}}],"collection":[{"href":"https:\/\/nublo.tv\/index.php\/wp-json\/wp\/v2\/posts"}],"about":[{"href":"https:\/\/nublo.tv\/index.php\/wp-json\/wp\/v2\/types\/post"}],"author":[{"embeddable":true,"href":"https:\/\/nublo.tv\/index.php\/wp-json\/wp\/v2\/users\/1"}],"replies":[{"embeddable":true,"href":"https:\/\/nublo.tv\/index.php\/wp-json\/wp\/v2\/comments?post=1790"}],"version-history":[{"count":1,"href":"https:\/\/nublo.tv\/index.php\/wp-json\/wp\/v2\/posts\/1790\/revisions"}],"predecessor-version":[{"id":1798,"href":"https:\/\/nublo.tv\/index.php\/wp-json\/wp\/v2\/posts\/1790\/revisions\/1798"}],"wp:featuredmedia":[{"embeddable":true,"href":"https:\/\/nublo.tv\/index.php\/wp-json\/wp\/v2\/media\/1791"}],"wp:attachment":[{"href":"https:\/\/nublo.tv\/index.php\/wp-json\/wp\/v2\/media?parent=1790"}],"wp:term":[{"taxonomy":"category","embeddable":true,"href":"https:\/\/nublo.tv\/index.php\/wp-json\/wp\/v2\/categories?post=1790"},{"taxonomy":"post_tag","embeddable":true,"href":"https:\/\/nublo.tv\/index.php\/wp-json\/wp\/v2\/tags?post=1790"}],"curies":[{"name":"wp","href":"https:\/\/api.w.org\/{rel}","templated":true}]}}